
{"id":20285,"date":"2012-09-10T23:32:19","date_gmt":"2012-09-11T02:32:19","guid":{"rendered":"http:\/\/www.sudoestehoje.com.br\/novoportal\/?p=20285"},"modified":"2012-09-10T23:48:04","modified_gmt":"2012-09-11T02:48:04","slug":"candidato-a-vereador-do-pt-pula-para-o-lado-de-dr-arnaldo","status":"publish","type":"post","link":"https:\/\/www.sudoestehoje.com.br\/novoportal\/2012\/09\/10\/candidato-a-vereador-do-pt-pula-para-o-lado-de-dr-arnaldo\/","title":{"rendered":"CANDIDATO A VEREADOR DO PT PULA PARA O LADO DE DR. ARNALDO"},"content":{"rendered":"<div id=\"attachment_20286\" style=\"width: 436px\" class=\"wp-caption aligncenter\"><a href=\"http:\/\/www.sudoestehoje.com.br\/novoportal\/wp-content\/uploads\/2012\/09\/KEKEU.jpg\"><img loading=\"lazy\" decoding=\"async\" aria-describedby=\"caption-attachment-20286\" class=\"size-full wp-image-20286\" title=\"KEKEU\" src=\"http:\/\/www.sudoestehoje.com.br\/novoportal\/wp-content\/uploads\/2012\/09\/KEKEU.jpg\" alt=\"\" width=\"426\" height=\"960\" \/><\/a><p id=\"caption-attachment-20286\" class=\"wp-caption-text\">Kek\u00e9u (PT)  vestiu a camisa azul, posou para foto ao lado do candidato do PR Arnaldo Teixeira e trocou o adesivo do seu carro.  A esposa do candidato a vereador do PT \u00e9 Secret\u00e1ria Municipal de Administra\u00e7\u00e3o.<\/p><\/div>\n<p>&nbsp;<\/p>\n<p>ITAPETINGA: Bastou a candidatura do prefeito Z\u00e9 Carlos (PT) come\u00e7ar a dar os primeiros sinais de fraqueza, para come\u00e7ar a debandada dos seus &#8216;fi\u00e9is&#8217; colaboradores, para a oposi\u00e7\u00e3o. Segundo mat\u00e9ria postada no <em>Blog do Diga Diga<\/em>, \u00a0o candidato a vereador pelo PT, Kek\u00e9u do Socorro, rasgou sua camisa vermelha e vestiu a cor azul do 22, \u00a0ap\u00f3s a fraqu\u00edssima caminhada do candidato do PT Jos\u00e9 Carlos Moura, no \u00faltimo s\u00e1bado (8), e da grande carreata de Dr. Arnaldo Teixeira, neste domingo (08).<\/p>\n<p>O mais curioso \u00e9 que o candidato Kek\u00e9u do Socorro trabalha no Samu 192 e \u00e9 o marido da atual Secret\u00e1ria Municipal de Administra\u00e7\u00e3o, Cristiane Ferraz, pessoa da confian\u00e7a do prefeito Z\u00e9 Carlos.<\/p>\n<p>O bicho vai pegar&#8230;<\/p>\n<p><strong><em>Por Davi Ferraz\u00a0<\/em><\/strong><\/p>\n","protected":false},"excerpt":{"rendered":"<p>&nbsp; ITAPETINGA: Bastou a candidatura do prefeito Z\u00e9 Carlos (PT) come\u00e7ar a dar os primeiros sinais de fraqueza, para come\u00e7ar a debandada dos seus &#8216;fi\u00e9is&#8217; colaboradores, para a oposi\u00e7\u00e3o. Segundo mat\u00e9ria postada no Blog do Diga Diga, \u00a0o candidato a vereador pelo PT, Kek\u00e9u do Socorro, rasgou sua camisa vermelha e vestiu a cor azul [&hellip;]<\/p>\n","protected":false},"author":2,"featured_media":0,"comment_status":"open","ping_status":"open","sticky":false,"template":"","format":"standard","meta":{"footnotes":"","_links_to":"","_links_to_target":""},"categories":[1],"tags":[],"class_list":["post-20285","post","type-post","status-publish","format-standard","hentry","category-geral"],"views":1647,"_links":{"self":[{"href":"https:\/\/www.sudoestehoje.com.br\/novoportal\/wp-json\/wp\/v2\/posts\/20285","targetHints":{"allow":["GET"]}}],"collection":[{"href":"https:\/\/www.sudoestehoje.com.br\/novoportal\/wp-json\/wp\/v2\/posts"}],"about":[{"href":"https:\/\/www.sudoestehoje.com.br\/novoportal\/wp-json\/wp\/v2\/types\/post"}],"author":[{"embeddable":true,"href":"https:\/\/www.sudoestehoje.com.br\/novoportal\/wp-json\/wp\/v2\/users\/2"}],"replies":[{"embeddable":true,"href":"https:\/\/www.sudoestehoje.com.br\/novoportal\/wp-json\/wp\/v2\/comments?post=20285"}],"version-history":[{"count":5,"href":"https:\/\/www.sudoestehoje.com.br\/novoportal\/wp-json\/wp\/v2\/posts\/20285\/revisions"}],"predecessor-version":[{"id":20289,"href":"https:\/\/www.sudoestehoje.com.br\/novoportal\/wp-json\/wp\/v2\/posts\/20285\/revisions\/20289"}],"wp:attachment":[{"href":"https:\/\/www.sudoestehoje.com.br\/novoportal\/wp-json\/wp\/v2\/media?parent=20285"}],"wp:term":[{"taxonomy":"category","embeddable":true,"href":"https:\/\/www.sudoestehoje.com.br\/novoportal\/wp-json\/wp\/v2\/categories?post=20285"},{"taxonomy":"post_tag","embeddable":true,"href":"https:\/\/www.sudoestehoje.com.br\/novoportal\/wp-json\/wp\/v2\/tags?post=20285"}],"curies":[{"name":"wp","href":"https:\/\/api.w.org\/{rel}","templated":true}]}}