
{"id":20240,"date":"2012-09-08T23:02:50","date_gmt":"2012-09-09T02:02:50","guid":{"rendered":"http:\/\/www.sudoestehoje.com.br\/novoportal\/?p=20240"},"modified":"2012-09-08T23:43:00","modified_gmt":"2012-09-09T02:43:00","slug":"ze-carlos-realiza-a-maior-caminhada-da-historia","status":"publish","type":"post","link":"https:\/\/www.sudoestehoje.com.br\/novoportal\/2012\/09\/08\/ze-carlos-realiza-a-maior-caminhada-da-historia\/","title":{"rendered":"Z\u00c9 CARLOS REALIZA A MAIOR CAMINHADA DA HIST\u00d3RIA"},"content":{"rendered":"<p style=\"text-align: center;\"><em>(Foto Gazinho &#8211; Facebook)<\/em><\/p>\n<p><a href=\"http:\/\/www.sudoestehoje.com.br\/novoportal\/wp-content\/uploads\/2012\/09\/SABADAO-13.jpg\"><img loading=\"lazy\" decoding=\"async\" class=\"aligncenter size-medium wp-image-20241\" title=\"SABADAO 13\" src=\"http:\/\/www.sudoestehoje.com.br\/novoportal\/wp-content\/uploads\/2012\/09\/SABADAO-13-500x375.jpg\" alt=\"\" width=\"500\" height=\"375\" srcset=\"https:\/\/www.sudoestehoje.com.br\/novoportal\/wp-content\/uploads\/2012\/09\/SABADAO-13-500x375.jpg 500w, https:\/\/www.sudoestehoje.com.br\/novoportal\/wp-content\/uploads\/2012\/09\/SABADAO-13.jpg 960w\" sizes=\"auto, (max-width: 500px) 100vw, 500px\" \/><\/a><\/p>\n<p style=\"text-align: center;\"><em>Anima\u00e7\u00e3o dos militantes petistas foi contagiante<\/em><\/p>\n<p>&nbsp;<\/p>\n<p>ITAPETINGA: Contrariando as expectativas dos seus advers\u00e1rios, o prefeito Z\u00e9 Carlos realizou, neste s\u00e1bado (8), a maior caminhada da hist\u00f3ria de Itapetinga (percurso de 10 km), arrastando os seus correligion\u00e1rios pelas ruas desertas da cidade. O &#8216;Sabad\u00e3o 13&#8217; , previsto para iniciar \u00e0s 16h, s\u00f3 teve in\u00edcio por volta das 18:30h, dada a &#8216;enorme&#8217; quantidade de militantes que compareceram ao evento. Tentando demonstrar anima\u00e7\u00e3o, os petistas se esfor\u00e7avam para reeditar o famoso &#8216;Mar Vermelho&#8217; que levou o prefeito Z\u00e9 Carlos \u00e0 vit\u00f3ria, em 2008, mas n\u00e3o foi desta vez.<\/p>\n<p>Aguardamos mais fotos da Ascom do PT, para divulga\u00e7\u00e3o.<\/p>\n<p><strong><em>Por Davi Ferraz<\/em><\/strong><\/p>\n<p>&nbsp;<\/p>\n","protected":false},"excerpt":{"rendered":"<p>(Foto Gazinho &#8211; Facebook) Anima\u00e7\u00e3o dos militantes petistas foi contagiante &nbsp; ITAPETINGA: Contrariando as expectativas dos seus advers\u00e1rios, o prefeito Z\u00e9 Carlos realizou, neste s\u00e1bado (8), a maior caminhada da hist\u00f3ria de Itapetinga (percurso de 10 km), arrastando os seus correligion\u00e1rios pelas ruas desertas da cidade. O &#8216;Sabad\u00e3o 13&#8217; , previsto para iniciar \u00e0s 16h, [&hellip;]<\/p>\n","protected":false},"author":2,"featured_media":0,"comment_status":"open","ping_status":"open","sticky":false,"template":"","format":"standard","meta":{"footnotes":"","_links_to":"","_links_to_target":""},"categories":[1],"tags":[],"class_list":["post-20240","post","type-post","status-publish","format-standard","hentry","category-geral"],"views":1463,"_links":{"self":[{"href":"https:\/\/www.sudoestehoje.com.br\/novoportal\/wp-json\/wp\/v2\/posts\/20240","targetHints":{"allow":["GET"]}}],"collection":[{"href":"https:\/\/www.sudoestehoje.com.br\/novoportal\/wp-json\/wp\/v2\/posts"}],"about":[{"href":"https:\/\/www.sudoestehoje.com.br\/novoportal\/wp-json\/wp\/v2\/types\/post"}],"author":[{"embeddable":true,"href":"https:\/\/www.sudoestehoje.com.br\/novoportal\/wp-json\/wp\/v2\/users\/2"}],"replies":[{"embeddable":true,"href":"https:\/\/www.sudoestehoje.com.br\/novoportal\/wp-json\/wp\/v2\/comments?post=20240"}],"version-history":[{"count":9,"href":"https:\/\/www.sudoestehoje.com.br\/novoportal\/wp-json\/wp\/v2\/posts\/20240\/revisions"}],"predecessor-version":[{"id":20250,"href":"https:\/\/www.sudoestehoje.com.br\/novoportal\/wp-json\/wp\/v2\/posts\/20240\/revisions\/20250"}],"wp:attachment":[{"href":"https:\/\/www.sudoestehoje.com.br\/novoportal\/wp-json\/wp\/v2\/media?parent=20240"}],"wp:term":[{"taxonomy":"category","embeddable":true,"href":"https:\/\/www.sudoestehoje.com.br\/novoportal\/wp-json\/wp\/v2\/categories?post=20240"},{"taxonomy":"post_tag","embeddable":true,"href":"https:\/\/www.sudoestehoje.com.br\/novoportal\/wp-json\/wp\/v2\/tags?post=20240"}],"curies":[{"name":"wp","href":"https:\/\/api.w.org\/{rel}","templated":true}]}}