
{"id":202,"date":"2010-09-03T00:02:27","date_gmt":"2010-09-03T03:02:27","guid":{"rendered":"http:\/\/sudoestehoje.tempsite.ws\/novoportal\/?p=202"},"modified":"2010-09-18T13:29:20","modified_gmt":"2010-09-18T16:29:20","slug":"itapetinga-servidores-municipais-ameacam-entrar-em-greve","status":"publish","type":"post","link":"https:\/\/www.sudoestehoje.com.br\/novoportal\/2010\/09\/03\/itapetinga-servidores-municipais-ameacam-entrar-em-greve\/","title":{"rendered":"ITAPETINGA: SERVIDORES MUNICIPAIS AMEA\u00c7AM ENTRAR EM GREVE"},"content":{"rendered":"<div style=\"text-align: center;\"><img decoding=\"async\" src=\"http:\/\/www.itapetinganet.com.br\/site\/imagens\/servidores%20municipais%20assembleia.jpg\" border=\"0\" alt=\"\" hspace=\"8\" width=\"300\" \/><\/div>\n<div style=\"text-align: center;\">Servidores fizeram assembl\u00e9ia na C\u00e2mara Municipal<\/div>\n<p>ITAPETINGA:  Pela primeira vez o Sindicato dos Servidores P\u00fablicos conseguiu  realizar assembl\u00e9ia com mais de 200 servidores nesta quarta (01) no  plen\u00e1rio da C\u00e2mara de Vereadores. Na pauta estavam diversas  reivindica\u00e7\u00f5es como aux\u00edlio alimenta\u00e7\u00e3o de R$55,00, aux\u00edlio transporte,  antecipa\u00e7\u00e3o sal\u00e1rio para servidor em gozo de f\u00e9rias e recomposi\u00e7\u00e3o  salarial.<\/p>\n<p>Os servidores est\u00e3o insatisfeitos,  segundo eles, com o tratamento recebido da administra\u00e7\u00e3o. Alegam que o  prefeito virou as costas para categoria. O diretor do Sindicato dos  Servidores P\u00fablicos Municipais, Ivanildo Almeida Filho (Dog\u00e3o), afirmou  que a categoria deu prazo at\u00e9 o dia 11 para atendimento das  reivindica\u00e7\u00f5es.<\/p>\n<p>Caso n\u00e3o atenda a categoria vai  paralisar atividades.Foi registrado que o vereador Gilson de Jesus  apresentou emenda ao Plano Plurianual visando permitir reajuste salarial  para os servidores e a maioria governista dos vereadores n\u00e3o aprovou a  proposta. O Presidente do Sindicarne Resenildo Pires e o vereador Gilson  estiveram presentes no evento. Itapetinga Net<\/p>\n","protected":false},"excerpt":{"rendered":"<p>Servidores fizeram assembl\u00e9ia na C\u00e2mara Municipal ITAPETINGA: Pela primeira vez o Sindicato dos Servidores P\u00fablicos conseguiu realizar assembl\u00e9ia com mais de 200 servidores nesta quarta (01) no plen\u00e1rio da C\u00e2mara de Vereadores. Na pauta estavam diversas reivindica\u00e7\u00f5es como aux\u00edlio alimenta\u00e7\u00e3o de R$55,00, aux\u00edlio transporte, antecipa\u00e7\u00e3o sal\u00e1rio para servidor em gozo de f\u00e9rias e recomposi\u00e7\u00e3o salarial. [&hellip;]<\/p>\n","protected":false},"author":1,"featured_media":0,"comment_status":"open","ping_status":"open","sticky":false,"template":"","format":"standard","meta":{"footnotes":"","_links_to":"","_links_to_target":""},"categories":[1],"tags":[],"class_list":["post-202","post","type-post","status-publish","format-standard","hentry","category-geral"],"views":1226,"_links":{"self":[{"href":"https:\/\/www.sudoestehoje.com.br\/novoportal\/wp-json\/wp\/v2\/posts\/202","targetHints":{"allow":["GET"]}}],"collection":[{"href":"https:\/\/www.sudoestehoje.com.br\/novoportal\/wp-json\/wp\/v2\/posts"}],"about":[{"href":"https:\/\/www.sudoestehoje.com.br\/novoportal\/wp-json\/wp\/v2\/types\/post"}],"author":[{"embeddable":true,"href":"https:\/\/www.sudoestehoje.com.br\/novoportal\/wp-json\/wp\/v2\/users\/1"}],"replies":[{"embeddable":true,"href":"https:\/\/www.sudoestehoje.com.br\/novoportal\/wp-json\/wp\/v2\/comments?post=202"}],"version-history":[{"count":1,"href":"https:\/\/www.sudoestehoje.com.br\/novoportal\/wp-json\/wp\/v2\/posts\/202\/revisions"}],"predecessor-version":[{"id":203,"href":"https:\/\/www.sudoestehoje.com.br\/novoportal\/wp-json\/wp\/v2\/posts\/202\/revisions\/203"}],"wp:attachment":[{"href":"https:\/\/www.sudoestehoje.com.br\/novoportal\/wp-json\/wp\/v2\/media?parent=202"}],"wp:term":[{"taxonomy":"category","embeddable":true,"href":"https:\/\/www.sudoestehoje.com.br\/novoportal\/wp-json\/wp\/v2\/categories?post=202"},{"taxonomy":"post_tag","embeddable":true,"href":"https:\/\/www.sudoestehoje.com.br\/novoportal\/wp-json\/wp\/v2\/tags?post=202"}],"curies":[{"name":"wp","href":"https:\/\/api.w.org\/{rel}","templated":true}]}}