
{"id":20199,"date":"2012-09-07T16:54:02","date_gmt":"2012-09-07T19:54:02","guid":{"rendered":"http:\/\/www.sudoestehoje.com.br\/novoportal\/?p=20199"},"modified":"2012-09-07T16:54:02","modified_gmt":"2012-09-07T19:54:02","slug":"dilma-promete-baixar-contas-de-energia-em-162","status":"publish","type":"post","link":"https:\/\/www.sudoestehoje.com.br\/novoportal\/2012\/09\/07\/dilma-promete-baixar-contas-de-energia-em-162\/","title":{"rendered":"DILMA PROMETE BAIXAR CONTAS DE ENERGIA EM 16,2%"},"content":{"rendered":"<p><img decoding=\"async\" class=\"aligncenter\" src=\"http:\/\/t3.gstatic.com\/images?q=tbn:ANd9GcQMF3Ef1L6AFr3dF0-jlydJo64Ozf4u3clijUPitTXK2HMjOC8244A71vmSZQ\" alt=\"\" width=\"400\" \/><\/p>\n<p>&nbsp;<\/p>\n<p><em>Ag\u00eancia Brasil<\/em><\/p>\n<p>As tarifas de energia el\u00e9trica v\u00e3o diminuir 16,2% para os consumidores residenciais e 28% para as ind\u00fastrias a partir do in\u00edcio do ano que vem. O an\u00fancio foi feito nesta quinta-feira (6) pela presidenta Dilma Rousseff, em pronunciamento \u00e0 na\u00e7\u00e3o por ocasi\u00e3o do Sete de Setembro. Segundo ela, a medida vai servir para aumentar a competitividade do pa\u00eds.<\/p>\n<p>\u201cOs ganhos ser\u00e3o usados tanto para a redu\u00e7\u00e3o de pre\u00e7os para o consumidor brasileiro quanto para os produtos de exporta\u00e7\u00e3o, o que vai abrir mais mercados dentro e fora do pa\u00eds\u201d, disse. Segundo a presidenta da Rep\u00fablica, a medida tamb\u00e9m vai ajudar as ind\u00fastrias que estejam em dificuldades, evitando demiss\u00f5es. Dilma explicou que a diminui\u00e7\u00e3o para o setor produtivo ser\u00e1 maior porque os custos de distribui\u00e7\u00e3o da energia s\u00e3o menores, j\u00e1 que as ind\u00fastrias operam em alta tens\u00e3o.<\/p>\n","protected":false},"excerpt":{"rendered":"<p>&nbsp; Ag\u00eancia Brasil As tarifas de energia el\u00e9trica v\u00e3o diminuir 16,2% para os consumidores residenciais e 28% para as ind\u00fastrias a partir do in\u00edcio do ano que vem. O an\u00fancio foi feito nesta quinta-feira (6) pela presidenta Dilma Rousseff, em pronunciamento \u00e0 na\u00e7\u00e3o por ocasi\u00e3o do Sete de Setembro. Segundo ela, a medida vai servir [&hellip;]<\/p>\n","protected":false},"author":2,"featured_media":0,"comment_status":"open","ping_status":"open","sticky":false,"template":"","format":"standard","meta":{"footnotes":"","_links_to":"","_links_to_target":""},"categories":[1],"tags":[],"class_list":["post-20199","post","type-post","status-publish","format-standard","hentry","category-geral"],"views":1283,"_links":{"self":[{"href":"https:\/\/www.sudoestehoje.com.br\/novoportal\/wp-json\/wp\/v2\/posts\/20199","targetHints":{"allow":["GET"]}}],"collection":[{"href":"https:\/\/www.sudoestehoje.com.br\/novoportal\/wp-json\/wp\/v2\/posts"}],"about":[{"href":"https:\/\/www.sudoestehoje.com.br\/novoportal\/wp-json\/wp\/v2\/types\/post"}],"author":[{"embeddable":true,"href":"https:\/\/www.sudoestehoje.com.br\/novoportal\/wp-json\/wp\/v2\/users\/2"}],"replies":[{"embeddable":true,"href":"https:\/\/www.sudoestehoje.com.br\/novoportal\/wp-json\/wp\/v2\/comments?post=20199"}],"version-history":[{"count":2,"href":"https:\/\/www.sudoestehoje.com.br\/novoportal\/wp-json\/wp\/v2\/posts\/20199\/revisions"}],"predecessor-version":[{"id":20201,"href":"https:\/\/www.sudoestehoje.com.br\/novoportal\/wp-json\/wp\/v2\/posts\/20199\/revisions\/20201"}],"wp:attachment":[{"href":"https:\/\/www.sudoestehoje.com.br\/novoportal\/wp-json\/wp\/v2\/media?parent=20199"}],"wp:term":[{"taxonomy":"category","embeddable":true,"href":"https:\/\/www.sudoestehoje.com.br\/novoportal\/wp-json\/wp\/v2\/categories?post=20199"},{"taxonomy":"post_tag","embeddable":true,"href":"https:\/\/www.sudoestehoje.com.br\/novoportal\/wp-json\/wp\/v2\/tags?post=20199"}],"curies":[{"name":"wp","href":"https:\/\/api.w.org\/{rel}","templated":true}]}}