
{"id":20187,"date":"2012-09-07T10:51:28","date_gmt":"2012-09-07T13:51:28","guid":{"rendered":"http:\/\/www.sudoestehoje.com.br\/novoportal\/?p=20187"},"modified":"2012-09-07T10:51:28","modified_gmt":"2012-09-07T13:51:28","slug":"encontro-de-katia-movimenta-o-americo-nogueira","status":"publish","type":"post","link":"https:\/\/www.sudoestehoje.com.br\/novoportal\/2012\/09\/07\/encontro-de-katia-movimenta-o-americo-nogueira\/","title":{"rendered":"ENCONTRO DE K\u00c1TIA MOVIMENTA O AM\u00c9RICO NOGUEIRA"},"content":{"rendered":"<table id=\"yui_3_2_0_1_1347021671512194\" border=\"0\" cellspacing=\"0\" cellpadding=\"0\">\n<tbody id=\"yui_3_2_0_1_1347021671512191\">\n<tr id=\"yui_3_2_0_1_1347021671512188\">\n<td id=\"yui_3_2_0_1_1347021671512185\" valign=\"top\"><img decoding=\"async\" class=\"aligncenter\" src=\"http:\/\/a5.sphotos.ak.fbcdn.net\/hphotos-ak-ash4\/422918_141929435952142_1922794023_n.jpg\" alt=\"\" width=\"400\" \/><\/p>\n<p>&nbsp;<\/p>\n<p><em>Ascom PMDB<\/em><\/p>\n<p>Dando um grito pela independ\u00eancia da in\u00e9rcia que paira sobre Itapetinga, o dia 06 de setembro, v\u00e9spera do feriado prolongado, foi marcado por um grande encontro com K\u00e1tia Espinheira e Gilson de Jesus que percorreram as ruas do Bairro Am\u00e9rico Nogueira, seguindo para o Conjunto Habitar Brasil, onde os eleitos pela coliga\u00e7\u00e3o \u201cItapetinga em Boas M\u00e3os\u201d subiram ao palco para saudar a popula\u00e7\u00e3o que os acompanhava.<\/p>\n<p><img decoding=\"async\" class=\"aligncenter\" src=\"http:\/\/a1.sphotos.ak.fbcdn.net\/hphotos-ak-ash4\/392015_141928595952226_834094641_n.jpg\" alt=\"\" width=\"400\" \/><\/p>\n<p><img decoding=\"async\" class=\"aligncenter\" src=\"http:\/\/a3.sphotos.ak.fbcdn.net\/hphotos-ak-snc7\/399158_141928785952207_1753131789_n.jpg\" alt=\"\" width=\"400\" \/><\/p>\n<p><img decoding=\"async\" class=\"aligncenter\" src=\"http:\/\/a2.sphotos.ak.fbcdn.net\/hphotos-ak-ash3\/530172_141929142618838_1592759976_n.jpg\" alt=\"\" width=\"400\" \/><\/p>\n<p><img decoding=\"async\" class=\"aligncenter\" src=\"http:\/\/a4.sphotos.ak.fbcdn.net\/hphotos-ak-ash3\/539484_141929249285494_1508768261_n.jpg\" alt=\"\" width=\"400\" \/><\/p>\n<p><img decoding=\"async\" class=\"aligncenter\" src=\"http:\/\/a3.sphotos.ak.fbcdn.net\/hphotos-ak-prn1\/644665_141929602618792_168192561_n.jpg\" alt=\"\" width=\"400\" \/><\/p>\n<p><img decoding=\"async\" class=\"aligncenter\" src=\"http:\/\/a3.sphotos.ak.fbcdn.net\/hphotos-ak-ash3\/582679_141930422618710_1378221100_n.jpg\" alt=\"\" width=\"400\" \/><\/p>\n<p><img decoding=\"async\" class=\"aligncenter\" src=\"http:\/\/a2.sphotos.ak.fbcdn.net\/hphotos-ak-snc6\/285408_141931062618646_987365817_n.jpg\" alt=\"\" width=\"400\" \/><\/p>\n<p><img decoding=\"async\" class=\"aligncenter\" src=\"http:\/\/a6.sphotos.ak.fbcdn.net\/hphotos-ak-ash4\/318439_141931252618627_194859335_n.jpg\" alt=\"\" width=\"400\" \/><\/p>\n<p><img decoding=\"async\" class=\"aligncenter\" src=\"http:\/\/a5.sphotos.ak.fbcdn.net\/hphotos-ak-snc7\/394441_141930659285353_2066488267_n.jpg\" alt=\"\" width=\"400\" \/><\/p>\n<p>&nbsp;<\/td>\n<\/tr>\n<\/tbody>\n<\/table>\n","protected":false},"excerpt":{"rendered":"<p>&nbsp; Ascom PMDB Dando um grito pela independ\u00eancia da in\u00e9rcia que paira sobre Itapetinga, o dia 06 de setembro, v\u00e9spera do feriado prolongado, foi marcado por um grande encontro com K\u00e1tia Espinheira e Gilson de Jesus que percorreram as ruas do Bairro Am\u00e9rico Nogueira, seguindo para o Conjunto Habitar Brasil, onde os eleitos pela coliga\u00e7\u00e3o [&hellip;]<\/p>\n","protected":false},"author":2,"featured_media":0,"comment_status":"open","ping_status":"open","sticky":false,"template":"","format":"standard","meta":{"footnotes":"","_links_to":"","_links_to_target":""},"categories":[1],"tags":[],"class_list":["post-20187","post","type-post","status-publish","format-standard","hentry","category-geral"],"views":1488,"_links":{"self":[{"href":"https:\/\/www.sudoestehoje.com.br\/novoportal\/wp-json\/wp\/v2\/posts\/20187","targetHints":{"allow":["GET"]}}],"collection":[{"href":"https:\/\/www.sudoestehoje.com.br\/novoportal\/wp-json\/wp\/v2\/posts"}],"about":[{"href":"https:\/\/www.sudoestehoje.com.br\/novoportal\/wp-json\/wp\/v2\/types\/post"}],"author":[{"embeddable":true,"href":"https:\/\/www.sudoestehoje.com.br\/novoportal\/wp-json\/wp\/v2\/users\/2"}],"replies":[{"embeddable":true,"href":"https:\/\/www.sudoestehoje.com.br\/novoportal\/wp-json\/wp\/v2\/comments?post=20187"}],"version-history":[{"count":3,"href":"https:\/\/www.sudoestehoje.com.br\/novoportal\/wp-json\/wp\/v2\/posts\/20187\/revisions"}],"predecessor-version":[{"id":20190,"href":"https:\/\/www.sudoestehoje.com.br\/novoportal\/wp-json\/wp\/v2\/posts\/20187\/revisions\/20190"}],"wp:attachment":[{"href":"https:\/\/www.sudoestehoje.com.br\/novoportal\/wp-json\/wp\/v2\/media?parent=20187"}],"wp:term":[{"taxonomy":"category","embeddable":true,"href":"https:\/\/www.sudoestehoje.com.br\/novoportal\/wp-json\/wp\/v2\/categories?post=20187"},{"taxonomy":"post_tag","embeddable":true,"href":"https:\/\/www.sudoestehoje.com.br\/novoportal\/wp-json\/wp\/v2\/tags?post=20187"}],"curies":[{"name":"wp","href":"https:\/\/api.w.org\/{rel}","templated":true}]}}