
{"id":2017,"date":"2010-11-18T00:06:49","date_gmt":"2010-11-18T03:06:49","guid":{"rendered":"http:\/\/www.sudoestehoje.com.br\/novoportal\/?p=2017"},"modified":"2010-11-18T00:06:49","modified_gmt":"2010-11-18T03:06:49","slug":"postura-civilizada","status":"publish","type":"post","link":"https:\/\/www.sudoestehoje.com.br\/novoportal\/2010\/11\/18\/postura-civilizada\/","title":{"rendered":"POSTURA &#8216;CIVILIZADA&#8217;"},"content":{"rendered":"<p style=\"text-align: center;\"><a id=\"apf9\" href=\"http:\/\/www.google.com.br\/imgres?imgurl=http:\/\/4.bp.blogspot.com\/_UreWL-QWcxQ\/S8MSV92LiFI\/AAAAAAAAD-U\/Vt7hJrK0LVc\/s1600\/cidadania-porrete.jpg&amp;imgrefurl=http:\/\/www.castrodigital.com.br\/2010\/04\/cidadania-porrete-liduina-tavares.html&amp;usg=__ufczl6UKTLnav28oM3TdfStYdVo=&amp;h=295&amp;w=283&amp;sz=16&amp;hl=pt-br&amp;start=30&amp;zoom=0&amp;itbs=1&amp;tbnid=bxNViVlC4dCDCM:&amp;tbnh=115&amp;tbnw=110&amp;prev=\/images%3Fq%3Dporrete%26start%3D20%26hl%3Dpt-br%26sa%3DN%26gbv%3D2%26ndsp%3D20%26tbs%3Disch:1\"><img loading=\"lazy\" decoding=\"async\" id=\"ipfbxNViVlC4dCDCM:\" class=\"aligncenter\" src=\"http:\/\/t1.gstatic.com\/images?q=tbn:bxNViVlC4dCDCM:http:\/\/4.bp.blogspot.com\/_UreWL-QWcxQ\/S8MSV92LiFI\/AAAAAAAAD-U\/Vt7hJrK0LVc\/s1600\/cidadania-porrete.jpg\" alt=\"\" width=\"110\" height=\"115\" \/><\/a><\/p>\n<p>N\u00e3o fiquei surpreso quando recebi e-mail da Cerb explicando a quest\u00e3o da \u00e1gua de Palmares, depois das cr\u00edticas que fizemos neste site. Este tipo de atitude \u00e9 uma praxe em todos os \u00f3rg\u00e3os governamentais, estaduais e federais, e na maioria das prefeituras. Vejo isto todos os dias nos blogs e jornais, quando o governo exerce o seu direito constitucional \u00a0para rebater cr\u00edticas e dar explica\u00e7\u00f5es, nos pr\u00f3prios \u00f3rg\u00e3os de imprensa que os criticam. Aqui, na terra do PT carlista, quem critica \u00e9 agredido na base do &#8216;porr\u00eate&#8217; e atacado moralmente pela Assessoria de Comunica\u00e7\u00e3o do Prefeito, que n\u00e3o sabe sequer redigir um of\u00edcio. Sair batendo para babar o\u00a0ovo do patr\u00e3o d\u00e1 mais &#8216;dividendos&#8217;, pensam eles.\u00a0Atestado de incompet\u00eancia e falta de civilidade.<\/p>\n","protected":false},"excerpt":{"rendered":"<p>N\u00e3o fiquei surpreso quando recebi e-mail da Cerb explicando a quest\u00e3o da \u00e1gua de Palmares, depois das cr\u00edticas que fizemos neste site. Este tipo de atitude \u00e9 uma praxe em todos os \u00f3rg\u00e3os governamentais, estaduais e federais, e na maioria das prefeituras. Vejo isto todos os dias nos blogs e jornais, quando o governo exerce [&hellip;]<\/p>\n","protected":false},"author":2,"featured_media":0,"comment_status":"open","ping_status":"open","sticky":false,"template":"","format":"standard","meta":{"footnotes":"","_links_to":"","_links_to_target":""},"categories":[11],"tags":[],"class_list":["post-2017","post","type-post","status-publish","format-standard","hentry","category-quentinhas"],"views":1043,"_links":{"self":[{"href":"https:\/\/www.sudoestehoje.com.br\/novoportal\/wp-json\/wp\/v2\/posts\/2017","targetHints":{"allow":["GET"]}}],"collection":[{"href":"https:\/\/www.sudoestehoje.com.br\/novoportal\/wp-json\/wp\/v2\/posts"}],"about":[{"href":"https:\/\/www.sudoestehoje.com.br\/novoportal\/wp-json\/wp\/v2\/types\/post"}],"author":[{"embeddable":true,"href":"https:\/\/www.sudoestehoje.com.br\/novoportal\/wp-json\/wp\/v2\/users\/2"}],"replies":[{"embeddable":true,"href":"https:\/\/www.sudoestehoje.com.br\/novoportal\/wp-json\/wp\/v2\/comments?post=2017"}],"version-history":[{"count":2,"href":"https:\/\/www.sudoestehoje.com.br\/novoportal\/wp-json\/wp\/v2\/posts\/2017\/revisions"}],"predecessor-version":[{"id":2019,"href":"https:\/\/www.sudoestehoje.com.br\/novoportal\/wp-json\/wp\/v2\/posts\/2017\/revisions\/2019"}],"wp:attachment":[{"href":"https:\/\/www.sudoestehoje.com.br\/novoportal\/wp-json\/wp\/v2\/media?parent=2017"}],"wp:term":[{"taxonomy":"category","embeddable":true,"href":"https:\/\/www.sudoestehoje.com.br\/novoportal\/wp-json\/wp\/v2\/categories?post=2017"},{"taxonomy":"post_tag","embeddable":true,"href":"https:\/\/www.sudoestehoje.com.br\/novoportal\/wp-json\/wp\/v2\/tags?post=2017"}],"curies":[{"name":"wp","href":"https:\/\/api.w.org\/{rel}","templated":true}]}}