
{"id":20140,"date":"2012-09-06T02:42:35","date_gmt":"2012-09-06T05:42:35","guid":{"rendered":"http:\/\/www.sudoestehoje.com.br\/novoportal\/?p=20140"},"modified":"2012-09-06T02:45:40","modified_gmt":"2012-09-06T05:45:40","slug":"prefeitura-contrata-equipamentos-de-som-palco-e-toldos-durante-periodo-eleitoral","status":"publish","type":"post","link":"https:\/\/www.sudoestehoje.com.br\/novoportal\/2012\/09\/06\/prefeitura-contrata-equipamentos-de-som-palco-e-toldos-durante-periodo-eleitoral\/","title":{"rendered":"PREFEITURA CONTRATA EQUIPAMENTOS DE SOM, PALCO E TOLDOS DURANTE PER\u00cdODO ELEITORAL"},"content":{"rendered":"<p><a href=\"http:\/\/www.sudoestehoje.com.br\/novoportal\/wp-content\/uploads\/2012\/09\/2.jpg\"><img loading=\"lazy\" decoding=\"async\" class=\"aligncenter size-medium wp-image-20142\" title=\"2\" src=\"http:\/\/www.sudoestehoje.com.br\/novoportal\/wp-content\/uploads\/2012\/09\/2-500x200.jpg\" alt=\"\" width=\"500\" height=\"200\" srcset=\"https:\/\/www.sudoestehoje.com.br\/novoportal\/wp-content\/uploads\/2012\/09\/2-500x200.jpg 500w, https:\/\/www.sudoestehoje.com.br\/novoportal\/wp-content\/uploads\/2012\/09\/2.jpg 882w\" sizes=\"auto, (max-width: 500px) 100vw, 500px\" \/><\/a><\/p>\n<p style=\"text-align: center;\"><em>(clique na foto para ampliar)<\/em><\/p>\n<p>&nbsp;<\/p>\n<p>ITAPETINGA: Dois contratos publicados no Di\u00e1rio Oficial da Prefeitura t\u00eam causado esp\u00e9cie. A loca\u00e7\u00e3o de equipamentos de som, palco, toldos e banheiros qu\u00edmicos, \u00a0no valor de R$ 231.526,20, para serem supostamente utilizados pelas diversas secretarias municipais, no per\u00edodo de 23 de agosto de 2012 a 30 de abril de 2013, \u00a0quando nenhum evento festivo \u00e9 realizado no munic\u00edpio.<\/p>\n<p>Essa contrata\u00e7\u00e3o, assim como a confec\u00e7\u00e3o de mais de 10 mil camisetas, coincide com o per\u00edodo eleitoral, o que evidencia o uso de recursos p\u00fablicos para turbinar a campanha do prefeito, uma tremenda irregularidade que precisa e deve ser coibida pela Justi\u00e7a Eleitoral e \u00a0o Minist\u00e9rio P\u00fablico.<\/p>\n<p>Vamos ver no que vai dar&#8230;<\/p>\n<p><strong><em>Por Davi Ferraz<\/em><\/strong><\/p>\n<p>&nbsp;<\/p>\n","protected":false},"excerpt":{"rendered":"<p>(clique na foto para ampliar) &nbsp; ITAPETINGA: Dois contratos publicados no Di\u00e1rio Oficial da Prefeitura t\u00eam causado esp\u00e9cie. A loca\u00e7\u00e3o de equipamentos de som, palco, toldos e banheiros qu\u00edmicos, \u00a0no valor de R$ 231.526,20, para serem supostamente utilizados pelas diversas secretarias municipais, no per\u00edodo de 23 de agosto de 2012 a 30 de abril de [&hellip;]<\/p>\n","protected":false},"author":2,"featured_media":0,"comment_status":"open","ping_status":"open","sticky":false,"template":"","format":"standard","meta":{"footnotes":"","_links_to":"","_links_to_target":""},"categories":[1],"tags":[],"class_list":["post-20140","post","type-post","status-publish","format-standard","hentry","category-geral"],"views":1313,"_links":{"self":[{"href":"https:\/\/www.sudoestehoje.com.br\/novoportal\/wp-json\/wp\/v2\/posts\/20140","targetHints":{"allow":["GET"]}}],"collection":[{"href":"https:\/\/www.sudoestehoje.com.br\/novoportal\/wp-json\/wp\/v2\/posts"}],"about":[{"href":"https:\/\/www.sudoestehoje.com.br\/novoportal\/wp-json\/wp\/v2\/types\/post"}],"author":[{"embeddable":true,"href":"https:\/\/www.sudoestehoje.com.br\/novoportal\/wp-json\/wp\/v2\/users\/2"}],"replies":[{"embeddable":true,"href":"https:\/\/www.sudoestehoje.com.br\/novoportal\/wp-json\/wp\/v2\/comments?post=20140"}],"version-history":[{"count":7,"href":"https:\/\/www.sudoestehoje.com.br\/novoportal\/wp-json\/wp\/v2\/posts\/20140\/revisions"}],"predecessor-version":[{"id":20147,"href":"https:\/\/www.sudoestehoje.com.br\/novoportal\/wp-json\/wp\/v2\/posts\/20140\/revisions\/20147"}],"wp:attachment":[{"href":"https:\/\/www.sudoestehoje.com.br\/novoportal\/wp-json\/wp\/v2\/media?parent=20140"}],"wp:term":[{"taxonomy":"category","embeddable":true,"href":"https:\/\/www.sudoestehoje.com.br\/novoportal\/wp-json\/wp\/v2\/categories?post=20140"},{"taxonomy":"post_tag","embeddable":true,"href":"https:\/\/www.sudoestehoje.com.br\/novoportal\/wp-json\/wp\/v2\/tags?post=20140"}],"curies":[{"name":"wp","href":"https:\/\/api.w.org\/{rel}","templated":true}]}}