
{"id":20104,"date":"2012-09-05T00:15:05","date_gmt":"2012-09-05T03:15:05","guid":{"rendered":"http:\/\/www.sudoestehoje.com.br\/novoportal\/?p=20104"},"modified":"2012-09-06T09:32:51","modified_gmt":"2012-09-06T12:32:51","slug":"telefones-da-prefeitura-de-itapetinga-foram-cortados","status":"publish","type":"post","link":"https:\/\/www.sudoestehoje.com.br\/novoportal\/2012\/09\/05\/telefones-da-prefeitura-de-itapetinga-foram-cortados\/","title":{"rendered":"TELEFONES DA PREFEITURA DE ITAPETINGA FORAM CORTADOS"},"content":{"rendered":"<p><img decoding=\"async\" class=\"aligncenter\" src=\"http:\/\/2.bp.blogspot.com\/_sKAgyCOY9J8\/S4MdlpBWE6I\/AAAAAAAAJbM\/ZF5vy7P8hf4\/s400\/telefone.JPG\" alt=\"\" \/><\/p>\n<p>&nbsp;<\/p>\n<p>ITAPETINGA: Nesta ter\u00e7a-feira (04), os telefones da prefeitura de Itapetinga amanheceram mudos. Segundo informa\u00e7\u00f5es divulgadas em uma emissora de r\u00e1dio, a raz\u00e3o do corte teria sido a falta de pagamento das contas, que j\u00e1 acumulam 4 meses de atraso, num montante de aproximadamente R$ 90 mil reais. Com o atraso nas faturas, n\u00e3o restou outra alternativa \u00e0 operadora OI, sen\u00e3o efetuar o corte.<\/p>\n<p>SAL\u00c1RIOS ATRASADOS<!--more--><\/p>\n<p>Outro problema que vem se agravando na prefeitura s\u00e3o os constantes atrasos no pagamento dos sal\u00e1rios do funcionalismo. Segundo fontes ligadas \u00e0 administra\u00e7\u00e3o, a maior parte do funcionalismo s\u00f3 dever\u00e1 receber os sal\u00e1rios de agosto a partir do dia 24 de setembro, o que causar\u00e1 transtornos irrepar\u00e1veis aos servidores municipais, que j\u00e1 est\u00e3o com os seus compromissos financeiros comprometidos, em decorr\u00eancia dos atrasos anteriores.<\/p>\n<p>Embora a administra\u00e7\u00e3o municipal n\u00e3o queira admitir, as causas do atual descontrole financeiro da prefeitura tiveram origem na contrata\u00e7\u00e3o desenfreada de funcion\u00e1rios sem concurso p\u00fablico; nas pesadas multas e bloqueios aplicados pelo INSS em raz\u00e3o das irregularidades praticadas pela Bernardo Vidal; no desvio de verbas p\u00fablicas para fins eleitorais; e na m\u00e1 gest\u00e3o dos recursos financeiros do munic\u00edpio, por parte do titular da Secretaria Municipal de Fazenda e seus &#8216;homens de confian\u00e7a&#8217;.<\/p>\n<p>A soma destes e de outros fatores, gerou o caos financeiro e administrativo que atualmente impera na prefeitura de Itapetinga.<\/p>\n<p><strong><em>Por Davi Ferraz\u00a0<\/em><\/strong><\/p>\n","protected":false},"excerpt":{"rendered":"<p>&nbsp; ITAPETINGA: Nesta ter\u00e7a-feira (04), os telefones da prefeitura de Itapetinga amanheceram mudos. Segundo informa\u00e7\u00f5es divulgadas em uma emissora de r\u00e1dio, a raz\u00e3o do corte teria sido a falta de pagamento das contas, que j\u00e1 acumulam 4 meses de atraso, num montante de aproximadamente R$ 90 mil reais. Com o atraso nas faturas, n\u00e3o restou [&hellip;]<\/p>\n","protected":false},"author":2,"featured_media":0,"comment_status":"open","ping_status":"open","sticky":false,"template":"","format":"standard","meta":{"footnotes":"","_links_to":"","_links_to_target":""},"categories":[1],"tags":[],"class_list":["post-20104","post","type-post","status-publish","format-standard","hentry","category-geral"],"views":1098,"_links":{"self":[{"href":"https:\/\/www.sudoestehoje.com.br\/novoportal\/wp-json\/wp\/v2\/posts\/20104","targetHints":{"allow":["GET"]}}],"collection":[{"href":"https:\/\/www.sudoestehoje.com.br\/novoportal\/wp-json\/wp\/v2\/posts"}],"about":[{"href":"https:\/\/www.sudoestehoje.com.br\/novoportal\/wp-json\/wp\/v2\/types\/post"}],"author":[{"embeddable":true,"href":"https:\/\/www.sudoestehoje.com.br\/novoportal\/wp-json\/wp\/v2\/users\/2"}],"replies":[{"embeddable":true,"href":"https:\/\/www.sudoestehoje.com.br\/novoportal\/wp-json\/wp\/v2\/comments?post=20104"}],"version-history":[{"count":6,"href":"https:\/\/www.sudoestehoje.com.br\/novoportal\/wp-json\/wp\/v2\/posts\/20104\/revisions"}],"predecessor-version":[{"id":20107,"href":"https:\/\/www.sudoestehoje.com.br\/novoportal\/wp-json\/wp\/v2\/posts\/20104\/revisions\/20107"}],"wp:attachment":[{"href":"https:\/\/www.sudoestehoje.com.br\/novoportal\/wp-json\/wp\/v2\/media?parent=20104"}],"wp:term":[{"taxonomy":"category","embeddable":true,"href":"https:\/\/www.sudoestehoje.com.br\/novoportal\/wp-json\/wp\/v2\/categories?post=20104"},{"taxonomy":"post_tag","embeddable":true,"href":"https:\/\/www.sudoestehoje.com.br\/novoportal\/wp-json\/wp\/v2\/tags?post=20104"}],"curies":[{"name":"wp","href":"https:\/\/api.w.org\/{rel}","templated":true}]}}