
{"id":20020,"date":"2012-09-01T18:20:29","date_gmt":"2012-09-01T21:20:29","guid":{"rendered":"http:\/\/www.sudoestehoje.com.br\/novoportal\/?p=20020"},"modified":"2012-09-01T18:20:29","modified_gmt":"2012-09-01T21:20:29","slug":"ibicarai-filho-da-candidata-monalisa-morre-afogado-na-piscina","status":"publish","type":"post","link":"https:\/\/www.sudoestehoje.com.br\/novoportal\/2012\/09\/01\/ibicarai-filho-da-candidata-monalisa-morre-afogado-na-piscina\/","title":{"rendered":"IBICARA\u00cd: FILHO DA CANDIDATA MONALISA MORRE AFOGADO NA PISCINA"},"content":{"rendered":"<p><img decoding=\"async\" class=\"aligncenter\" src=\"http:\/\/www.correio24horas.com.br\/fileadmin\/user_upload\/tt_news\/pics\/_____________0000.jpg\" alt=\"\" width=\"300\" \/><\/p>\n<p>&nbsp;<\/p>\n<p>O filho de uma candidata a prefeita\u00a0da cidade de Ibicara\u00ed, a 470 km de Salvador, foi encontrado morto v\u00edtima de afogamento dentro da piscina da resid\u00eancia onde morava na manh\u00e3 deste s\u00e1bado (1\u00ba).<\/p>\n<p>Monalisa Tavares, que j\u00e1 foi prefeita da cidade e atualmente tenta reconquistar o cargo pelo PRP, encontrou o corpo de Kleber Tavares, de 3 anos, depois de notar a aus\u00eancia dele dentro do im\u00f3vel. O corpo da crian\u00e7a foi retirado do local ainda pela manh\u00e3, passou por per\u00edcia e ser\u00e1 sepultado \u00e0s 17h, de acordo com informa\u00e7\u00f5es da TV Bahia.<\/p>\n<p>Ainda n\u00e3o h\u00e1 detalhes sobre as circunst\u00e2ncias em que a crian\u00e7a caiu na piscina e se afogou. No local, n\u00e3o havia tela de prote\u00e7\u00e3o outro material para impedir o acesso da crian\u00e7a.<\/p>\n<p><em>CORREIO<\/em><\/p>\n","protected":false},"excerpt":{"rendered":"<p>&nbsp; O filho de uma candidata a prefeita\u00a0da cidade de Ibicara\u00ed, a 470 km de Salvador, foi encontrado morto v\u00edtima de afogamento dentro da piscina da resid\u00eancia onde morava na manh\u00e3 deste s\u00e1bado (1\u00ba). Monalisa Tavares, que j\u00e1 foi prefeita da cidade e atualmente tenta reconquistar o cargo pelo PRP, encontrou o corpo de Kleber [&hellip;]<\/p>\n","protected":false},"author":2,"featured_media":0,"comment_status":"open","ping_status":"open","sticky":false,"template":"","format":"standard","meta":{"footnotes":"","_links_to":"","_links_to_target":""},"categories":[1],"tags":[],"class_list":["post-20020","post","type-post","status-publish","format-standard","hentry","category-geral"],"views":1216,"_links":{"self":[{"href":"https:\/\/www.sudoestehoje.com.br\/novoportal\/wp-json\/wp\/v2\/posts\/20020","targetHints":{"allow":["GET"]}}],"collection":[{"href":"https:\/\/www.sudoestehoje.com.br\/novoportal\/wp-json\/wp\/v2\/posts"}],"about":[{"href":"https:\/\/www.sudoestehoje.com.br\/novoportal\/wp-json\/wp\/v2\/types\/post"}],"author":[{"embeddable":true,"href":"https:\/\/www.sudoestehoje.com.br\/novoportal\/wp-json\/wp\/v2\/users\/2"}],"replies":[{"embeddable":true,"href":"https:\/\/www.sudoestehoje.com.br\/novoportal\/wp-json\/wp\/v2\/comments?post=20020"}],"version-history":[{"count":2,"href":"https:\/\/www.sudoestehoje.com.br\/novoportal\/wp-json\/wp\/v2\/posts\/20020\/revisions"}],"predecessor-version":[{"id":20022,"href":"https:\/\/www.sudoestehoje.com.br\/novoportal\/wp-json\/wp\/v2\/posts\/20020\/revisions\/20022"}],"wp:attachment":[{"href":"https:\/\/www.sudoestehoje.com.br\/novoportal\/wp-json\/wp\/v2\/media?parent=20020"}],"wp:term":[{"taxonomy":"category","embeddable":true,"href":"https:\/\/www.sudoestehoje.com.br\/novoportal\/wp-json\/wp\/v2\/categories?post=20020"},{"taxonomy":"post_tag","embeddable":true,"href":"https:\/\/www.sudoestehoje.com.br\/novoportal\/wp-json\/wp\/v2\/tags?post=20020"}],"curies":[{"name":"wp","href":"https:\/\/api.w.org\/{rel}","templated":true}]}}