
{"id":19909,"date":"2012-08-28T15:24:14","date_gmt":"2012-08-28T18:24:14","guid":{"rendered":"http:\/\/www.sudoestehoje.com.br\/novoportal\/?p=19909"},"modified":"2012-08-28T21:25:04","modified_gmt":"2012-08-29T00:25:04","slug":"arnaldo-teixeira-apresenta-propostas-para-fortalecer-comercio-local","status":"publish","type":"post","link":"https:\/\/www.sudoestehoje.com.br\/novoportal\/2012\/08\/28\/arnaldo-teixeira-apresenta-propostas-para-fortalecer-comercio-local\/","title":{"rendered":"ARNALDO TEIXEIRA APRESENTA PROPOSTAS PARA FORTALECER COM\u00c9RCIO LOCAL"},"content":{"rendered":"<p style=\"text-align: center;\"><a href=\"http:\/\/www.sudoestehoje.com.br\/novoportal\/wp-content\/uploads\/2012\/08\/falaitapetinga3191.jpg\"><img decoding=\"async\" class=\"aligncenter  wp-image-19914\" title=\"falaitapetinga319(1)\" src=\"http:\/\/www.sudoestehoje.com.br\/novoportal\/wp-content\/uploads\/2012\/08\/falaitapetinga3191-500x375.jpg\" alt=\"\" width=\"400\" srcset=\"https:\/\/www.sudoestehoje.com.br\/novoportal\/wp-content\/uploads\/2012\/08\/falaitapetinga3191-500x375.jpg 500w, https:\/\/www.sudoestehoje.com.br\/novoportal\/wp-content\/uploads\/2012\/08\/falaitapetinga3191.jpg 600w\" sizes=\"(max-width: 500px) 100vw, 500px\" \/><\/a><\/p>\n<p>&nbsp;<\/p>\n<p><em>Ascom PR<\/em><\/p>\n<p>ITAPETINGA: O candidato Arnaldo Texeira\u00a0 apresentou ontem \u00e0 noite,\u00a0 para a diretoria da C\u00e2mara de Dirigentes Lojistas-CDL de Itapetinga,\u00a0 suas propostas de governo para o fortalecimento do Com\u00e9rcio local, que \u00e9 a terceira maior fonte de emprego e renda do munic\u00edpio. Ele foi o \u00fanico candidato a prefeito que atendeu ao convite da CDL, uma vez que o atual prefeito n\u00e3o compareceu nem enviou representante e a candidata do PMDB informou estar viajando e enviou seu candidato a vice para fazer a apresenta\u00e7\u00e3o.<\/p>\n<p>Na oportunidade, al\u00e9m de fazer uma exposi\u00e7\u00e3o dos motivos da crise, tanto a n\u00edvel mundial como nacional e local, Dr. Arnaldo Texeira revelou profundo conhecimento das necessidades do setor comercial, tanto que, conforme foi verificado pelo p\u00fablico presente, a maioria dos itens relacionados na pauta de reivindica\u00e7\u00f5es da CDL j\u00e1 estavam contemplados no Plano de Governo do Dr. Arnaldo Texeira, caso seja eleito prefeito de Itapetinga no dia 07 de outubro.<!--more--><\/p>\n<p>C\u00f3pias do Plano de Governo da Coliga\u00e7\u00e3o Novo Tempo para Itapetinga e dos perfis administrativos e pol\u00edticos dos candidatos Arnaldo Texeira e Geraldo Trindade foram entregues \u00e0 diretoria da CDL pelo candidato a prefeito, o qual solicitou da entidade uma parceria pelo desenvolvimento de Itapetinga.<\/p>\n<p>\u201cTenham a certeza que a nossa administra\u00e7\u00e3o ser\u00e1 amplamente participativa, discutindo a gest\u00e3o do munic\u00edpio com as entidades representativas de todos segmentos, e n\u00e3o apenas com os partidos da base aliada e a C\u00e2mara de vereadores\u201d, destacou Arnaldo Texeira, ap\u00f3s fazer uma dura cr\u00edtica ao atual prefeito, que n\u00e3o est\u00e1 assumindo o seu papel de ser agente de desenvolvimento econ\u00f4mico, ao contr\u00e1rio, permitiu at\u00e9 que 6.500 novos empregos que viriam para Itapetinga fossem parar em outros munic\u00edpios, por falta de incentivo da administra\u00e7\u00e3o municipal.<\/p>\n<p>Revitaliza\u00e7\u00e3o do centro comercial, valoriza\u00e7\u00e3o do com\u00e9rcio dos bairros, instala\u00e7\u00e3o de sem\u00e1foros e sistema de monitoramento das ruas com c\u00e2meras de v\u00eddeo, implanta\u00e7\u00e3o de um terminal de transporte urbano central, instala\u00e7\u00e3o de uma usina de asfalto e asfaltamento de ruas, apoio \u00e0s festividades, promo\u00e7\u00e3o do com\u00e9rcio de Itapetinga na microrregi\u00e3o, atra\u00e7\u00e3o de novas empresas, verbas para decora\u00e7\u00e3o da cidade e reorganiza\u00e7\u00e3o das \u00e1reas centrais para estacionamentos foram algumas das muitas propostas do Plano de Governo apresentadas pelo candidato Arnaldo Texeira.<\/p>\n<p>Ao final, o empres\u00e1rio Oniel Brand\u00e3o agradeceu a presen\u00e7a do candidato, destacou a qualidade da apresenta\u00e7\u00e3o e afirmou que, como presidente da CDL de Itapetinga, sentiu-se feliz em ver que a pauta de reivindica\u00e7\u00f5es da entidade foi contemplada praticamente em sua totalidade pelas propostas apresentadas. \u201cA CDL realmente espera esse apoio do gestor p\u00fablico, pois at\u00e9 para conseguir uma parceria na ornamenta\u00e7\u00e3o da cidade em \u00e9poca de festividades tem sido dif\u00edcil\u201d, lamentou o empres\u00e1rio.<\/p>\n<p>Na oportunidade o presidente da CDL entregou ao Dr. Arnaldo uma c\u00f3pia do projeto de revitaliza\u00e7\u00e3o do centro comercial, de autoria da engenheira e professora da UESB Nelma Gusm\u00e3o, o qual foi discutido pelos empres\u00e1rios, Prefeitura e outras institui\u00e7\u00f5es entre 2004 e 2006, para implementa\u00e7\u00e3o pela prefeitura, mas que ainda n\u00e3o saiu do papel.<\/p>\n<p>Ao final da reuni\u00e3o, dezenas de candidatos a vereador e simpatizantes da Coliga\u00e7\u00e3o Novo Tempo para Itapetinga, reunidos na entrada da CDL, fizeram uma animada comemora\u00e7\u00e3o pelo sucesso da apresenta\u00e7\u00e3o do candidato aos empres\u00e1rios e seguiram em caminhada at\u00e9 a sede do comit\u00ea de campanha, na Rua Marechal Deodoro da Fonseca, para finaliza\u00e7\u00e3o da reuni\u00e3o do grupo, que sempre acontece na segunda-feira \u00e0 noite.<\/p>\n","protected":false},"excerpt":{"rendered":"<p>&nbsp; Ascom PR ITAPETINGA: O candidato Arnaldo Texeira\u00a0 apresentou ontem \u00e0 noite,\u00a0 para a diretoria da C\u00e2mara de Dirigentes Lojistas-CDL de Itapetinga,\u00a0 suas propostas de governo para o fortalecimento do Com\u00e9rcio local, que \u00e9 a terceira maior fonte de emprego e renda do munic\u00edpio. Ele foi o \u00fanico candidato a prefeito que atendeu ao convite [&hellip;]<\/p>\n","protected":false},"author":2,"featured_media":0,"comment_status":"open","ping_status":"open","sticky":false,"template":"","format":"standard","meta":{"footnotes":"","_links_to":"","_links_to_target":""},"categories":[1],"tags":[],"class_list":["post-19909","post","type-post","status-publish","format-standard","hentry","category-geral"],"views":1785,"_links":{"self":[{"href":"https:\/\/www.sudoestehoje.com.br\/novoportal\/wp-json\/wp\/v2\/posts\/19909","targetHints":{"allow":["GET"]}}],"collection":[{"href":"https:\/\/www.sudoestehoje.com.br\/novoportal\/wp-json\/wp\/v2\/posts"}],"about":[{"href":"https:\/\/www.sudoestehoje.com.br\/novoportal\/wp-json\/wp\/v2\/types\/post"}],"author":[{"embeddable":true,"href":"https:\/\/www.sudoestehoje.com.br\/novoportal\/wp-json\/wp\/v2\/users\/2"}],"replies":[{"embeddable":true,"href":"https:\/\/www.sudoestehoje.com.br\/novoportal\/wp-json\/wp\/v2\/comments?post=19909"}],"version-history":[{"count":7,"href":"https:\/\/www.sudoestehoje.com.br\/novoportal\/wp-json\/wp\/v2\/posts\/19909\/revisions"}],"predecessor-version":[{"id":19917,"href":"https:\/\/www.sudoestehoje.com.br\/novoportal\/wp-json\/wp\/v2\/posts\/19909\/revisions\/19917"}],"wp:attachment":[{"href":"https:\/\/www.sudoestehoje.com.br\/novoportal\/wp-json\/wp\/v2\/media?parent=19909"}],"wp:term":[{"taxonomy":"category","embeddable":true,"href":"https:\/\/www.sudoestehoje.com.br\/novoportal\/wp-json\/wp\/v2\/categories?post=19909"},{"taxonomy":"post_tag","embeddable":true,"href":"https:\/\/www.sudoestehoje.com.br\/novoportal\/wp-json\/wp\/v2\/tags?post=19909"}],"curies":[{"name":"wp","href":"https:\/\/api.w.org\/{rel}","templated":true}]}}