
{"id":19862,"date":"2012-08-27T15:56:39","date_gmt":"2012-08-27T18:56:39","guid":{"rendered":"http:\/\/www.sudoestehoje.com.br\/novoportal\/?p=19862"},"modified":"2012-08-27T15:56:39","modified_gmt":"2012-08-27T18:56:39","slug":"azaleia-ja-demitiu-quase-13-mil-operarios-em-apenas-um-ano","status":"publish","type":"post","link":"https:\/\/www.sudoestehoje.com.br\/novoportal\/2012\/08\/27\/azaleia-ja-demitiu-quase-13-mil-operarios-em-apenas-um-ano\/","title":{"rendered":"AZALEIA J\u00c1 DEMITIU QUASE 13 MIL OPER\u00c1RIOS EM APENAS UM ANO"},"content":{"rendered":"<p><img decoding=\"async\" class=\"aligncenter\" src=\"http:\/\/t2.gstatic.com\/images?q=tbn:ANd9GcQC43nKdZDE05aSRzZgxqnja_6kPAl7rRX6dEXQUaTzG3EoydepyQ&amp;t=1\" alt=\"\" width=\"400\" \/><\/p>\n<p style=\"text-align: center;\"><em>N\u00famero de funcion\u00e1rios vem sendo reduzido drasticamente<\/em><\/p>\n<p>&nbsp;<\/p>\n<p>ITAPETINGA: Levantamento feito pela Assessoria de Comunica\u00e7\u00e3o da Coliga\u00e7\u00e3o Novo Tempo para Itapetinga, por meio de pesquisa a banco de dados da Ger\u00eancia Regional da SUDIC em Itapetinga, constatou que entre abril de 2011 a julho de 2012 a perda de empregos com carteira assinada na microrregi\u00e3o, s\u00f3 na empresa Vulcabras Azaleia, foi de 12.803 empregos, sendo sua grande maioria no munic\u00edpio de Itapetinga, onde est\u00e1 instalada a sede da empresa.<\/p>\n<p>Trocando em mi\u00fados, em abril de 2011 havia 25.316 trabalhadores na Vulcabras Azaleia e em julho deste ano, apenas 12.513, segundo a SUDIC. Agora \u00e9 s\u00f3 o leitor fazer a conta para ter uma ideia das perdas para a economia de Itapetinga e microrregi\u00e3o, al\u00e9m do grave problema social que o desemprego provoca para as milhares de fam\u00edlias afetadas.<!--more--><\/p>\n<p>O impacto do alto \u00edndice de desemprego em Itapetinga tamb\u00e9m pode ser avaliado com os dados do CAGED-Cadastro Geral de Empregados e Desempregados, do Minist\u00e9rio do Trabalho. Segundo dados do CAGED, s\u00f3 o setor da Ind\u00fastria de Transforma\u00e7\u00e3o, respons\u00e1vel por aproximadamente 20 mil novos empregos entre maio de 2008 e julho de 2012, exclusivamente em Itapetinga, tamb\u00e9m foi respons\u00e1vel por 18.636 demiss\u00f5es no munic\u00edpio, no mesmo per\u00edodo. O segmento da Ind\u00fastria de Transforma\u00e7\u00e3o inclui predominantemente a Vulcrabras Azaleia, mas tamb\u00e9m comporta outras empresas.<\/p>\n<p>Como se n\u00e3o bastassem as demiss\u00f5es em massa, Itapetinga, enquanto munic\u00edpio, desde a instala\u00e7\u00e3o do Distrito Industrial, \u00a0n\u00e3o tem tido for\u00e7a para atrair novas empresas para compensar o desemprego desenfreado dos \u00faltimos anos. Ao contr\u00e1rio, \u00a0ainda de acordo com a\u00a0 Ger\u00eancia Regional da SUDIC no munic\u00edpio, cerca de 6.500 novos empregos, que poderiam ter vindo para Itapetinga, foram perdidos para Vit\u00f3ria da Conquista, Itarantim e Campina Grande(PB).<\/p>\n<p>\u201cDiretores das ind\u00fastrias Marat\u00e1 (de alimentos), Majal e Paquet\u00e1 (de cal\u00e7ados) estiveram em Itapetinga e chegaram a apresentar ao prefeito suas solicita\u00e7\u00f5es de parceria para instalar aqui as ind\u00fastrias, por\u00e9m, diante da falta de interesse no apoio que pretendiam, decidiram apostar em outros munic\u00edpios onde tiveram melhor receptividade\u201d, lamenta o gerente regional da SUDIC em Itapetinga.<\/p>\n<p>A Marat\u00e1, por exemplo, queria do munic\u00edpio a cess\u00e3o, em comodato, de um terreno de 100 mil metros quadrados para instala\u00e7\u00e3o da f\u00e1brica que iria gerar 3.000 empregos. \u00a0A Majal pediu terreno de 30 mil metros quadrados, chegou a medir a \u00e1rea, mas como dependia de intermedia\u00e7\u00e3o do governo municipal para conseguir tamb\u00e9m um dos galp\u00f5es vazios no Distrito Industrial de Itapetinga (que antes era utilizado, pela Vulcabras Azaleia) e essa\u00a0 intermedia\u00e7\u00e3o n\u00e3o veio, desistiu de trazer para c\u00e1 mais de 1.500 empregos.\u00a0 A Paquet\u00e1 Cal\u00e7ados iria gerar 3.000 novos empregos.<\/p>\n<p>\u201cO papel do gestor municipal, numa hora dessas, \u00e9 de mobilizador. Deve buscar solu\u00e7\u00f5es junto ao governo do Estado, mobilizar a C\u00e2mara de Vereadores, se necess\u00e1rio, at\u00e9 desapropriar terrenos, mas nunca deixar as empresas irem embora\u201d, afirma o gerente da SUDIC, que mediou os contatos. Enquanto isso, os trabalhadores, os comerciantes, prestadores de servi\u00e7os e a popula\u00e7\u00e3o de Itapetinga, em geral, choram suas perdas, cada vez maiores.<\/p>\n<p>&nbsp;<\/p>\n<p>&nbsp;<\/p>\n<p>&nbsp;<\/p>\n<p>&nbsp;<\/p>\n<p>&nbsp;<\/p>\n<p>&nbsp;<\/p>\n<p>&nbsp;<\/p>\n","protected":false},"excerpt":{"rendered":"<p>N\u00famero de funcion\u00e1rios vem sendo reduzido drasticamente &nbsp; ITAPETINGA: Levantamento feito pela Assessoria de Comunica\u00e7\u00e3o da Coliga\u00e7\u00e3o Novo Tempo para Itapetinga, por meio de pesquisa a banco de dados da Ger\u00eancia Regional da SUDIC em Itapetinga, constatou que entre abril de 2011 a julho de 2012 a perda de empregos com carteira assinada na microrregi\u00e3o, [&hellip;]<\/p>\n","protected":false},"author":2,"featured_media":0,"comment_status":"open","ping_status":"open","sticky":false,"template":"","format":"standard","meta":{"footnotes":"","_links_to":"","_links_to_target":""},"categories":[1],"tags":[],"class_list":["post-19862","post","type-post","status-publish","format-standard","hentry","category-geral"],"views":1541,"_links":{"self":[{"href":"https:\/\/www.sudoestehoje.com.br\/novoportal\/wp-json\/wp\/v2\/posts\/19862","targetHints":{"allow":["GET"]}}],"collection":[{"href":"https:\/\/www.sudoestehoje.com.br\/novoportal\/wp-json\/wp\/v2\/posts"}],"about":[{"href":"https:\/\/www.sudoestehoje.com.br\/novoportal\/wp-json\/wp\/v2\/types\/post"}],"author":[{"embeddable":true,"href":"https:\/\/www.sudoestehoje.com.br\/novoportal\/wp-json\/wp\/v2\/users\/2"}],"replies":[{"embeddable":true,"href":"https:\/\/www.sudoestehoje.com.br\/novoportal\/wp-json\/wp\/v2\/comments?post=19862"}],"version-history":[{"count":3,"href":"https:\/\/www.sudoestehoje.com.br\/novoportal\/wp-json\/wp\/v2\/posts\/19862\/revisions"}],"predecessor-version":[{"id":19865,"href":"https:\/\/www.sudoestehoje.com.br\/novoportal\/wp-json\/wp\/v2\/posts\/19862\/revisions\/19865"}],"wp:attachment":[{"href":"https:\/\/www.sudoestehoje.com.br\/novoportal\/wp-json\/wp\/v2\/media?parent=19862"}],"wp:term":[{"taxonomy":"category","embeddable":true,"href":"https:\/\/www.sudoestehoje.com.br\/novoportal\/wp-json\/wp\/v2\/categories?post=19862"},{"taxonomy":"post_tag","embeddable":true,"href":"https:\/\/www.sudoestehoje.com.br\/novoportal\/wp-json\/wp\/v2\/tags?post=19862"}],"curies":[{"name":"wp","href":"https:\/\/api.w.org\/{rel}","templated":true}]}}