
{"id":19852,"date":"2012-08-26T23:36:37","date_gmt":"2012-08-27T02:36:37","guid":{"rendered":"http:\/\/www.sudoestehoje.com.br\/novoportal\/?p=19852"},"modified":"2012-08-26T23:36:37","modified_gmt":"2012-08-27T02:36:37","slug":"estouraaado","status":"publish","type":"post","link":"https:\/\/www.sudoestehoje.com.br\/novoportal\/2012\/08\/26\/estouraaado\/","title":{"rendered":"ESTOURAAADO"},"content":{"rendered":"<p><img decoding=\"async\" class=\"aligncenter\" src=\"http:\/\/www.pimenta.blog.br\/wp-content\/uploads\/Geraldo-Sim%C3%B5es-3.jpg\" alt=\"\" width=\"150\" \/><\/p>\n<p>Senten\u00e7a da lavra do juiz da 1* Vara da Fazenda P\u00fablica em Itabuna, Eros Cavalcanti, complica a vida do deputado federal Geraldo Sim\u00f5es. O magistrado condenou Geraldo a ressarcir os cofres p\u00fablicos em R$ 4 mil e ainda aplicou multa de igual valor. Pior: suspendeu os direitos pol\u00edticos do parlamentar por cinco anos, o que o impede de se candidatar, na pr\u00f3xima elei\u00e7\u00e3o.\u00a0O caso se refere a a\u00e7\u00e3o civil de improbidade administrativa movida pelo Minist\u00e9rio P\u00fablico Estadual. Vai recorrer, \u00e9 claro.<\/p>\n","protected":false},"excerpt":{"rendered":"<p>Senten\u00e7a da lavra do juiz da 1* Vara da Fazenda P\u00fablica em Itabuna, Eros Cavalcanti, complica a vida do deputado federal Geraldo Sim\u00f5es. O magistrado condenou Geraldo a ressarcir os cofres p\u00fablicos em R$ 4 mil e ainda aplicou multa de igual valor. Pior: suspendeu os direitos pol\u00edticos do parlamentar por cinco anos, o que [&hellip;]<\/p>\n","protected":false},"author":2,"featured_media":0,"comment_status":"open","ping_status":"open","sticky":false,"template":"","format":"standard","meta":{"footnotes":"","_links_to":"","_links_to_target":""},"categories":[11],"tags":[],"class_list":["post-19852","post","type-post","status-publish","format-standard","hentry","category-quentinhas"],"views":1332,"_links":{"self":[{"href":"https:\/\/www.sudoestehoje.com.br\/novoportal\/wp-json\/wp\/v2\/posts\/19852","targetHints":{"allow":["GET"]}}],"collection":[{"href":"https:\/\/www.sudoestehoje.com.br\/novoportal\/wp-json\/wp\/v2\/posts"}],"about":[{"href":"https:\/\/www.sudoestehoje.com.br\/novoportal\/wp-json\/wp\/v2\/types\/post"}],"author":[{"embeddable":true,"href":"https:\/\/www.sudoestehoje.com.br\/novoportal\/wp-json\/wp\/v2\/users\/2"}],"replies":[{"embeddable":true,"href":"https:\/\/www.sudoestehoje.com.br\/novoportal\/wp-json\/wp\/v2\/comments?post=19852"}],"version-history":[{"count":2,"href":"https:\/\/www.sudoestehoje.com.br\/novoportal\/wp-json\/wp\/v2\/posts\/19852\/revisions"}],"predecessor-version":[{"id":19860,"href":"https:\/\/www.sudoestehoje.com.br\/novoportal\/wp-json\/wp\/v2\/posts\/19852\/revisions\/19860"}],"wp:attachment":[{"href":"https:\/\/www.sudoestehoje.com.br\/novoportal\/wp-json\/wp\/v2\/media?parent=19852"}],"wp:term":[{"taxonomy":"category","embeddable":true,"href":"https:\/\/www.sudoestehoje.com.br\/novoportal\/wp-json\/wp\/v2\/categories?post=19852"},{"taxonomy":"post_tag","embeddable":true,"href":"https:\/\/www.sudoestehoje.com.br\/novoportal\/wp-json\/wp\/v2\/tags?post=19852"}],"curies":[{"name":"wp","href":"https:\/\/api.w.org\/{rel}","templated":true}]}}