
{"id":19784,"date":"2012-08-25T13:06:17","date_gmt":"2012-08-25T16:06:17","guid":{"rendered":"http:\/\/www.sudoestehoje.com.br\/novoportal\/?p=19784"},"modified":"2012-08-25T13:06:22","modified_gmt":"2012-08-25T16:06:22","slug":"itapetinga-onibus-que-levava-eleitores-do-22-e-apedrejado","status":"publish","type":"post","link":"https:\/\/www.sudoestehoje.com.br\/novoportal\/2012\/08\/25\/itapetinga-onibus-que-levava-eleitores-do-22-e-apedrejado\/","title":{"rendered":"ITAPETINGA: \u00d4NIBUS QUE LEVAVA ELEITORES DO 22 \u00c9 APEDREJADO"},"content":{"rendered":"<p><a href=\"http:\/\/www.sudoestehoje.com.br\/novoportal\/wp-content\/uploads\/2012\/08\/tn-1.jpg\"><img loading=\"lazy\" decoding=\"async\" class=\"aligncenter size-medium wp-image-19788\" title=\"tn (1)\" src=\"http:\/\/www.sudoestehoje.com.br\/novoportal\/wp-content\/uploads\/2012\/08\/tn-1-500x312.jpg\" alt=\"\" width=\"500\" height=\"312\" srcset=\"https:\/\/www.sudoestehoje.com.br\/novoportal\/wp-content\/uploads\/2012\/08\/tn-1-500x312.jpg 500w, https:\/\/www.sudoestehoje.com.br\/novoportal\/wp-content\/uploads\/2012\/08\/tn-1.jpg 717w\" sizes=\"auto, (max-width: 500px) 100vw, 500px\" \/><\/a><\/p>\n<p>&nbsp;<\/p>\n<p><strong><em>Ascom PR<\/em><\/strong><\/p>\n<p>ITAPETINGA: Parece que os desesperados est\u00e3o querendo reviver o clima de terror da campanha passada. Ap\u00f3s o encerramento do maior com\u00edcio realizado at\u00e9 agora nesta campanha eleitoral, onde os moradores dos bairros Am\u00e9rico Nogueira, Quintas do Morumbi e Quintas do Sul compareceram em peso e sem receber dinheiro para dar apoio ao candidato a prefeito Dr. Arnaldo Texeira e ao vice Geraldo Trindade, num clima de festa, alegria e paz, marginais aguardaram em surdina a sa\u00edda dos moradores dos bairros para, de forma trai\u00e7oeira e covarde, \u00a0apedrejaram um \u00f4nibus lotado de pessoas, inclusive crian\u00e7as,\u00a0que teve quatro dos seus vidros quebrados.<\/p>\n<p><a href=\"http:\/\/www.sudoestehoje.com.br\/novoportal\/2011\/07\/03\/quando-itamar-recusou-jose-serra-para-ministro\/6349-revision-3\/\" rel=\"attachment wp-att-6352\"><img decoding=\"async\" class=\"aligncenter\" title=\"oNIBUS APEDREJADO 24.08.12\" src=\"http:\/\/falaitapetinga.hospedagemdesites.ws\/wp-content\/uploads\/2012\/08\/oNIBUS-APEDREJADO-24.08.121.jpg\" alt=\"\" width=\"500\" \/><\/a><\/p>\n<p><!--more-->Logo\u00a0ap\u00f3s o atentado, o \u00f4nibus foi conduzido ao Hospital Cristo Redentor, onde o Dr. Arnaldo Texeira juntamente com a equipe do hospital prestaram o atendimento aos feridos. A Coliga\u00e7\u00e3o Novo Tempo Para Itapetinga prestou queixa no Complexo Policial e ir\u00e1 cobrar explica\u00e7\u00f5es da Justi\u00e7a Eleitoral e da Policia Militar, pois o motivo alegado para o sorteio entre as coliga\u00e7\u00f5es, para que apenas um evento fosse realizado por dia foi justamente para que a PM pudesse dar a devida seguran\u00e7a aos cidad\u00e3os. O que se viu ontem causou muita estranheza, pois\u00a0mesmo notificada com a devida anteced\u00eancia o comando da Policia Militar n\u00e3o destacou nenhuma viatura para dar cobertura a um evento onde estavam reunidas mais de tr\u00eas mil pessoas, ao contr\u00e1rio da carreata do prefeito, que contou com fartura de viaturas no cortejo. Esquisito, muito esquisito.<\/p>\n<p>Ap\u00f3s o incidente os candidatos Arnaldo e Geraldo informaram que continuar\u00e3o com a caminhada da paz, da alegria e da esperan\u00e7a, principalmente agora \u201cque a popula\u00e7\u00e3o est\u00e1 dando todas as provas que j\u00e1 nos escolheu para ocupar a prefeitura a partir de janeiro\u201d. Para os candidatos essa atitude demonstrou o n\u00edvel de desespero daqueles que sabedores da derrota tentam usar de meios escusos para barrar a marcha da paz e da liberdade. Informaram tamb\u00e9m que os feridos foram prontamente amparados e atendidos, e, como gra\u00e7as a Deus ningu\u00e9m se feriu gravemente foram conduzidos as suas resid\u00eancias.<\/p>\n<p>Espera-se agora que as autoridades constitu\u00eddas tomem as devidas providencias.<\/p>\n<p><strong><em>ASCOM-PR<\/em><\/strong><\/p>\n","protected":false},"excerpt":{"rendered":"<p>&nbsp; Ascom PR ITAPETINGA: Parece que os desesperados est\u00e3o querendo reviver o clima de terror da campanha passada. Ap\u00f3s o encerramento do maior com\u00edcio realizado at\u00e9 agora nesta campanha eleitoral, onde os moradores dos bairros Am\u00e9rico Nogueira, Quintas do Morumbi e Quintas do Sul compareceram em peso e sem receber dinheiro para dar apoio ao [&hellip;]<\/p>\n","protected":false},"author":2,"featured_media":0,"comment_status":"open","ping_status":"open","sticky":false,"template":"","format":"standard","meta":{"footnotes":"","_links_to":"","_links_to_target":""},"categories":[1],"tags":[],"class_list":["post-19784","post","type-post","status-publish","format-standard","hentry","category-geral"],"views":1542,"_links":{"self":[{"href":"https:\/\/www.sudoestehoje.com.br\/novoportal\/wp-json\/wp\/v2\/posts\/19784","targetHints":{"allow":["GET"]}}],"collection":[{"href":"https:\/\/www.sudoestehoje.com.br\/novoportal\/wp-json\/wp\/v2\/posts"}],"about":[{"href":"https:\/\/www.sudoestehoje.com.br\/novoportal\/wp-json\/wp\/v2\/types\/post"}],"author":[{"embeddable":true,"href":"https:\/\/www.sudoestehoje.com.br\/novoportal\/wp-json\/wp\/v2\/users\/2"}],"replies":[{"embeddable":true,"href":"https:\/\/www.sudoestehoje.com.br\/novoportal\/wp-json\/wp\/v2\/comments?post=19784"}],"version-history":[{"count":5,"href":"https:\/\/www.sudoestehoje.com.br\/novoportal\/wp-json\/wp\/v2\/posts\/19784\/revisions"}],"predecessor-version":[{"id":19793,"href":"https:\/\/www.sudoestehoje.com.br\/novoportal\/wp-json\/wp\/v2\/posts\/19784\/revisions\/19793"}],"wp:attachment":[{"href":"https:\/\/www.sudoestehoje.com.br\/novoportal\/wp-json\/wp\/v2\/media?parent=19784"}],"wp:term":[{"taxonomy":"category","embeddable":true,"href":"https:\/\/www.sudoestehoje.com.br\/novoportal\/wp-json\/wp\/v2\/categories?post=19784"},{"taxonomy":"post_tag","embeddable":true,"href":"https:\/\/www.sudoestehoje.com.br\/novoportal\/wp-json\/wp\/v2\/tags?post=19784"}],"curies":[{"name":"wp","href":"https:\/\/api.w.org\/{rel}","templated":true}]}}