
{"id":197,"date":"2010-09-04T00:01:20","date_gmt":"2010-09-04T03:01:20","guid":{"rendered":"http:\/\/sudoestehoje.tempsite.ws\/novoportal\/?p=197"},"modified":"2010-09-18T13:26:50","modified_gmt":"2010-09-18T16:26:50","slug":"conquista-bassuma-diz-nao-acreditar-nas-pesquisas-que-dao-vantagem-a-wagner","status":"publish","type":"post","link":"https:\/\/www.sudoestehoje.com.br\/novoportal\/2010\/09\/04\/conquista-bassuma-diz-nao-acreditar-nas-pesquisas-que-dao-vantagem-a-wagner\/","title":{"rendered":"CONQUISTA: BASSUMA DIZ N\u00c3O ACREDITAR NAS PESQUISAS QUE D\u00c3O VANTAGEM A WAGNER"},"content":{"rendered":"<div>\n<div style=\"text-align: center;\"><img loading=\"lazy\" decoding=\"async\" title=\"DSC_0036\" src=\"http:\/\/www.blogdaresenhageral.com.br\/v1\/wp-content\/uploads\/DSC_00361-300x200.jpg\" border=\"0\" alt=\"\" width=\"300\" height=\"200\" \/><\/div>\n<div style=\"text-align: center;\">Marcos Espinheira acompanhou Bassuma em Conquista<\/div>\n<p>VIT\u00d3RIA  DA CONQUISTA: O candidato ao governo do estado pelo PV, Luiz Bassuma,  est\u00e1 cumprindo extensa agenda em Vit\u00f3ria da Conquista nesta sexta-feira  (03). No in\u00edcio da tarde ele concedeu entrevista coletiva a imprensa  local, logo depois se dirigiu a uma reuni\u00e3o com representantes da  associa\u00e7\u00e3o de um shopping da cidade.A partir das 19h o deputado federal  participa de semin\u00e1rio na Faculdade Juv\u00eancio Terra.<\/p>\n<p>Sobre  as pesquisas que apontam uma larga vantagem ao candidato a reelei\u00e7\u00e3o,  Jaques Wagner (PT), Bassuma foi taxativo. \u201cN\u00e3o acredito nesses n\u00fameros.  No \u00faltimo pleito, por exemplo, Paulo Souto estava acima dos 50% e vejam o  que aconteceu\u201d, lembrou. O candidato pelo PV tamb\u00e9m criticou a atual  campanha do petista. \u201cEle est\u00e1 muito atrelado ao presidente Lula. Temos  que fazer uma reflex\u00e3o e perceber que os tr\u00eas pilares do estado, como  sa\u00fade, educa\u00e7\u00e3o e seguran\u00e7a, est\u00e3o com \u00edndices assustadores\u201d.<\/p>\n<p>Com  rela\u00e7\u00e3o as propostas para Conquista, Bassuma revelou que \u00e9 preciso que o  poder p\u00fablico invista mais na maior cidade do Sudoeste baiano. \u201cO  aeroporto, por exemplo, tinha tudo para ser refer\u00eancia em todo o estado,  mas n\u00e3o \u00e9 isso que acontece\u201d, finalizou.<\/p>\n<p>Durante a  coletiva, o candidato esteve acompanhado de candidatos a deputados  estaduais\u00a0da regi\u00e3o e do candidato a deputado federal Marcos Espinheira.  Neste s\u00e1bado, o cadidato tem compromisso de campanha em Itapetinga.<\/p>\n<p>Blog da Resenha Geral (Rodrigo Ferraz)<\/p>\n<\/div>\n","protected":false},"excerpt":{"rendered":"<p>Marcos Espinheira acompanhou Bassuma em Conquista VIT\u00d3RIA DA CONQUISTA: O candidato ao governo do estado pelo PV, Luiz Bassuma, est\u00e1 cumprindo extensa agenda em Vit\u00f3ria da Conquista nesta sexta-feira (03). No in\u00edcio da tarde ele concedeu entrevista coletiva a imprensa local, logo depois se dirigiu a uma reuni\u00e3o com representantes da associa\u00e7\u00e3o de um shopping [&hellip;]<\/p>\n","protected":false},"author":1,"featured_media":0,"comment_status":"open","ping_status":"open","sticky":false,"template":"","format":"standard","meta":{"footnotes":"","_links_to":"","_links_to_target":""},"categories":[1],"tags":[],"class_list":["post-197","post","type-post","status-publish","format-standard","hentry","category-geral"],"views":1271,"_links":{"self":[{"href":"https:\/\/www.sudoestehoje.com.br\/novoportal\/wp-json\/wp\/v2\/posts\/197","targetHints":{"allow":["GET"]}}],"collection":[{"href":"https:\/\/www.sudoestehoje.com.br\/novoportal\/wp-json\/wp\/v2\/posts"}],"about":[{"href":"https:\/\/www.sudoestehoje.com.br\/novoportal\/wp-json\/wp\/v2\/types\/post"}],"author":[{"embeddable":true,"href":"https:\/\/www.sudoestehoje.com.br\/novoportal\/wp-json\/wp\/v2\/users\/1"}],"replies":[{"embeddable":true,"href":"https:\/\/www.sudoestehoje.com.br\/novoportal\/wp-json\/wp\/v2\/comments?post=197"}],"version-history":[{"count":1,"href":"https:\/\/www.sudoestehoje.com.br\/novoportal\/wp-json\/wp\/v2\/posts\/197\/revisions"}],"predecessor-version":[{"id":198,"href":"https:\/\/www.sudoestehoje.com.br\/novoportal\/wp-json\/wp\/v2\/posts\/197\/revisions\/198"}],"wp:attachment":[{"href":"https:\/\/www.sudoestehoje.com.br\/novoportal\/wp-json\/wp\/v2\/media?parent=197"}],"wp:term":[{"taxonomy":"category","embeddable":true,"href":"https:\/\/www.sudoestehoje.com.br\/novoportal\/wp-json\/wp\/v2\/categories?post=197"},{"taxonomy":"post_tag","embeddable":true,"href":"https:\/\/www.sudoestehoje.com.br\/novoportal\/wp-json\/wp\/v2\/tags?post=197"}],"curies":[{"name":"wp","href":"https:\/\/api.w.org\/{rel}","templated":true}]}}