
{"id":19663,"date":"2012-08-23T09:46:13","date_gmt":"2012-08-23T12:46:13","guid":{"rendered":"http:\/\/www.sudoestehoje.com.br\/novoportal\/?p=19663"},"modified":"2012-08-23T09:51:06","modified_gmt":"2012-08-23T12:51:06","slug":"morre-em-acidente-o-empresario-nelson-da-hora","status":"publish","type":"post","link":"https:\/\/www.sudoestehoje.com.br\/novoportal\/2012\/08\/23\/morre-em-acidente-o-empresario-nelson-da-hora\/","title":{"rendered":"MORRE EM ACIDENTE O EMPRES\u00c1RIO NELSON DA HORA"},"content":{"rendered":"<p><img decoding=\"async\" class=\"aligncenter\" src=\"http:\/\/1.bp.blogspot.com\/-gYy6kGqPG6A\/UDYB90skeeI\/AAAAAAAAIZU\/0pUvd2KYR2E\/s320\/nelson.jpg\" alt=\"\" width=\"300\" \/><\/p>\n<p>&nbsp;<\/p>\n<p>Faleceu, na noite desta quarta-feira, em uma rodovia do Extremo Sul do Estado, o empres\u00e1rio Nelson da Hora Caires, propriet\u00e1rio da <em>Vip Dedetiza\u00e7\u00f5es<\/em>. Nelson tinha 52 anos de idade e residia em Itapetinga, onde estudou, constituiu fam\u00edlia e implantou a sua empresa. O acidente ocorreu nas proximidades da cidade de Mucur\u00ed, quando o ve\u00edculo dirigido pelo empres\u00e1rio chocou-se com uma carreta que vinha em sentido contr\u00e1rio. A morte foi instant\u00e2nea e o corpo est\u00e1 sendo aguardado em Itapetinga, onde ser\u00e1 sepultado.<\/p>\n<p>Como amigo pessoal de &#8216;Nels\u00e3o&#8217; e de toda a sua fam\u00edlia, manifesto em meu nome e de meus familiares, \u00a0os mais sinceros sentimentos por esta irrepar\u00e1vel perda.<\/p>\n<p><em>DAVI FERRAZ &#8211; EDITOR\u00a0<\/em><\/p>\n","protected":false},"excerpt":{"rendered":"<p>&nbsp; Faleceu, na noite desta quarta-feira, em uma rodovia do Extremo Sul do Estado, o empres\u00e1rio Nelson da Hora Caires, propriet\u00e1rio da Vip Dedetiza\u00e7\u00f5es. Nelson tinha 52 anos de idade e residia em Itapetinga, onde estudou, constituiu fam\u00edlia e implantou a sua empresa. O acidente ocorreu nas proximidades da cidade de Mucur\u00ed, quando o ve\u00edculo [&hellip;]<\/p>\n","protected":false},"author":2,"featured_media":0,"comment_status":"open","ping_status":"open","sticky":false,"template":"","format":"standard","meta":{"footnotes":"","_links_to":"","_links_to_target":""},"categories":[1],"tags":[],"class_list":["post-19663","post","type-post","status-publish","format-standard","hentry","category-geral"],"views":1554,"_links":{"self":[{"href":"https:\/\/www.sudoestehoje.com.br\/novoportal\/wp-json\/wp\/v2\/posts\/19663","targetHints":{"allow":["GET"]}}],"collection":[{"href":"https:\/\/www.sudoestehoje.com.br\/novoportal\/wp-json\/wp\/v2\/posts"}],"about":[{"href":"https:\/\/www.sudoestehoje.com.br\/novoportal\/wp-json\/wp\/v2\/types\/post"}],"author":[{"embeddable":true,"href":"https:\/\/www.sudoestehoje.com.br\/novoportal\/wp-json\/wp\/v2\/users\/2"}],"replies":[{"embeddable":true,"href":"https:\/\/www.sudoestehoje.com.br\/novoportal\/wp-json\/wp\/v2\/comments?post=19663"}],"version-history":[{"count":4,"href":"https:\/\/www.sudoestehoje.com.br\/novoportal\/wp-json\/wp\/v2\/posts\/19663\/revisions"}],"predecessor-version":[{"id":19666,"href":"https:\/\/www.sudoestehoje.com.br\/novoportal\/wp-json\/wp\/v2\/posts\/19663\/revisions\/19666"}],"wp:attachment":[{"href":"https:\/\/www.sudoestehoje.com.br\/novoportal\/wp-json\/wp\/v2\/media?parent=19663"}],"wp:term":[{"taxonomy":"category","embeddable":true,"href":"https:\/\/www.sudoestehoje.com.br\/novoportal\/wp-json\/wp\/v2\/categories?post=19663"},{"taxonomy":"post_tag","embeddable":true,"href":"https:\/\/www.sudoestehoje.com.br\/novoportal\/wp-json\/wp\/v2\/tags?post=19663"}],"curies":[{"name":"wp","href":"https:\/\/api.w.org\/{rel}","templated":true}]}}