
{"id":19649,"date":"2012-08-22T20:01:13","date_gmt":"2012-08-22T23:01:13","guid":{"rendered":"http:\/\/www.sudoestehoje.com.br\/novoportal\/?p=19649"},"modified":"2012-08-22T20:16:18","modified_gmt":"2012-08-22T23:16:18","slug":"pesquisa-vox-populi-descarta-2o-turno-em-conquista","status":"publish","type":"post","link":"https:\/\/www.sudoestehoje.com.br\/novoportal\/2012\/08\/22\/pesquisa-vox-populi-descarta-2o-turno-em-conquista\/","title":{"rendered":"VOX POPULI: ELEI\u00c7\u00c3O EM CONQUISTA PODE SER DECIDIDA NO 1\u00ba TURNO"},"content":{"rendered":"<p><img decoding=\"async\" class=\"aligncenter\" src=\"http:\/\/blogdofabiosena.com.br\/v1\/wp-content\/uploads\/2012\/08\/estimulada.jpg\" alt=\"\" width=\"500\" \/><\/p>\n<p>&nbsp;<\/p>\n<p>A pesquisa Vox Populi apresentada na tarde desta quarta-feira (22) em entrevista coletiva \u00e0 imprensa local, na sede do Partido dos Trabalhadores, mostra que, se mantida a tend\u00eancia atual do eleitorado, ainda n\u00e3o ser\u00e1 desta vez que Vit\u00f3ria da Conquista ter\u00e1 uma elei\u00e7\u00e3o de dois turnos.<\/p>\n<p>Na pesquisa espont\u00e2nea, quando n\u00e3o s\u00e3o apresentados os nomes dos candidatos, Guilherme Menezes (PT) aparece com 33% das inten\u00e7\u00f5es contra meros 11% de Herzem Gusm\u00e3o (PMDB). O forrozeiro Edigar M\u00e3o Branca (PV) aparece com 4% e Abel Rebou\u00e7as (PDT) com 1%. Elquisson Soares (PPS) n\u00e3o pontuou. Somados apenas os votos v\u00e1lidos, Guilherme obteria 66% contra 22% de Herzem. M\u00e3o Branca alcan\u00e7aria 8% e Abel 2%.<\/p>\n<p>Na pesquisa estimulada, quando s\u00e3o apresentados os nomes dos candidatos, Guilherme sobe para 46% contra 18% do candidato do PMDB. M\u00e3o Branca aparece com 9%, Abel com 5% e Elquisson com 1%. Se considerados apenas os votos v\u00e1lidos (exclu\u00eddos os nulos e os brancos), Guilherme seria eleito com 58% dos votos, Herzem teria 22%, M\u00e3o Branca 11% e Abel 6%. Informa\u00e7\u00f5es do <em>Blog do Fabio Sena<\/em><\/p>\n","protected":false},"excerpt":{"rendered":"<p>&nbsp; A pesquisa Vox Populi apresentada na tarde desta quarta-feira (22) em entrevista coletiva \u00e0 imprensa local, na sede do Partido dos Trabalhadores, mostra que, se mantida a tend\u00eancia atual do eleitorado, ainda n\u00e3o ser\u00e1 desta vez que Vit\u00f3ria da Conquista ter\u00e1 uma elei\u00e7\u00e3o de dois turnos. Na pesquisa espont\u00e2nea, quando n\u00e3o s\u00e3o apresentados os [&hellip;]<\/p>\n","protected":false},"author":2,"featured_media":0,"comment_status":"open","ping_status":"open","sticky":false,"template":"","format":"standard","meta":{"footnotes":"","_links_to":"","_links_to_target":""},"categories":[1],"tags":[],"class_list":["post-19649","post","type-post","status-publish","format-standard","hentry","category-geral"],"views":1506,"_links":{"self":[{"href":"https:\/\/www.sudoestehoje.com.br\/novoportal\/wp-json\/wp\/v2\/posts\/19649","targetHints":{"allow":["GET"]}}],"collection":[{"href":"https:\/\/www.sudoestehoje.com.br\/novoportal\/wp-json\/wp\/v2\/posts"}],"about":[{"href":"https:\/\/www.sudoestehoje.com.br\/novoportal\/wp-json\/wp\/v2\/types\/post"}],"author":[{"embeddable":true,"href":"https:\/\/www.sudoestehoje.com.br\/novoportal\/wp-json\/wp\/v2\/users\/2"}],"replies":[{"embeddable":true,"href":"https:\/\/www.sudoestehoje.com.br\/novoportal\/wp-json\/wp\/v2\/comments?post=19649"}],"version-history":[{"count":5,"href":"https:\/\/www.sudoestehoje.com.br\/novoportal\/wp-json\/wp\/v2\/posts\/19649\/revisions"}],"predecessor-version":[{"id":19656,"href":"https:\/\/www.sudoestehoje.com.br\/novoportal\/wp-json\/wp\/v2\/posts\/19649\/revisions\/19656"}],"wp:attachment":[{"href":"https:\/\/www.sudoestehoje.com.br\/novoportal\/wp-json\/wp\/v2\/media?parent=19649"}],"wp:term":[{"taxonomy":"category","embeddable":true,"href":"https:\/\/www.sudoestehoje.com.br\/novoportal\/wp-json\/wp\/v2\/categories?post=19649"},{"taxonomy":"post_tag","embeddable":true,"href":"https:\/\/www.sudoestehoje.com.br\/novoportal\/wp-json\/wp\/v2\/tags?post=19649"}],"curies":[{"name":"wp","href":"https:\/\/api.w.org\/{rel}","templated":true}]}}