
{"id":19630,"date":"2012-08-22T17:49:17","date_gmt":"2012-08-22T20:49:17","guid":{"rendered":"http:\/\/www.sudoestehoje.com.br\/novoportal\/?p=19630"},"modified":"2012-08-22T19:38:37","modified_gmt":"2012-08-22T22:38:37","slug":"justica-derruba-lei-que-limitava-atendimentos-no-planserv","status":"publish","type":"post","link":"https:\/\/www.sudoestehoje.com.br\/novoportal\/2012\/08\/22\/justica-derruba-lei-que-limitava-atendimentos-no-planserv\/","title":{"rendered":"JUSTI\u00c7A DERRUBA LEI QUE LIMITAVA ATENDIMENTOS NO PLANSERV"},"content":{"rendered":"<p><img decoding=\"async\" class=\"aligncenter\" src=\"http:\/\/1.bp.blogspot.com\/-u6kpPwKFFZg\/TlfcVSu_luI\/AAAAAAAAAsA\/soLwOoR9AVk\/s1600\/PLANSERV.bmp\" alt=\"\" \/><\/p>\n<p style=\"text-align: center;\"><em>Limita\u00e7\u00f5es foram aprovadas sob os protestos dos servidores estaduais<\/em><\/p>\n<p>&nbsp;<\/p>\n<p>O Tribunal de Justi\u00e7a da Bahia (TJ-BA) suspendeu as limita\u00e7\u00f5es nos atendimentos m\u00e9dicos e na \u201ccoparticipa\u00e7\u00e3o\u201d, na qual o governo do Estado cobrava uma taxa caso o servidor excedesse o quantitativo de servi\u00e7os descritos na Lei do Planserv. A Corte baiana acatou a A\u00e7\u00e3o Direta de Inconstitucionalidade (Adin) ingressada pelos partidos que fazem oposi\u00e7\u00e3o \u00e0 administra\u00e7\u00e3o estadual \u2013 PMDB, DEM e PSDB \u2013 e derrubou os artigos 1\u00ba e 2\u00ba da Lei Estadual n\u00ba 12.351\/2011.<!--more--><\/p>\n<p>De acordo com os oposicionistas, as limita\u00e7\u00f5es nos atendimentos do Planserv violam artigos da Constitui\u00e7\u00e3o do Estado da Bahia, que asseguram aos servidores p\u00fablicos estaduais o direito \u00e0 sa\u00fade. Em sua decis\u00e3o, os desembargadores Carlos Alberto Dultra Cintra e Jer\u00f4nimo dos Santos afirmaram que o direito representa prerrogativa constitucional. \u201cN\u00e3o se coaduna com o cumprimento desse dever constitucional qualquer tipo de restri\u00e7\u00e3o ou, como na esp\u00e9cie, a limita\u00e7\u00e3o do atendimento m\u00e9dico, inclusive nos casos de urg\u00eancia e emerg\u00eancia, aos servidores p\u00fablicos estaduais benefici\u00e1rios do Sistema de Assist\u00eancia \u00e0 Sa\u00fade &#8211; Planserv\u201d, diz a decis\u00e3o.<strong><a href=\"http:\/\/www.bahianoticias.com.br\/ckfinder\/userfiles\/files\/decisaoTJ-Planserv.pdf\" target=\"_blank\">\u00a0Clique aqui e veja a decis\u00e3o na \u00edntegra.<\/a><\/strong><\/p>\n","protected":false},"excerpt":{"rendered":"<p>Limita\u00e7\u00f5es foram aprovadas sob os protestos dos servidores estaduais &nbsp; O Tribunal de Justi\u00e7a da Bahia (TJ-BA) suspendeu as limita\u00e7\u00f5es nos atendimentos m\u00e9dicos e na \u201ccoparticipa\u00e7\u00e3o\u201d, na qual o governo do Estado cobrava uma taxa caso o servidor excedesse o quantitativo de servi\u00e7os descritos na Lei do Planserv. A Corte baiana acatou a A\u00e7\u00e3o Direta [&hellip;]<\/p>\n","protected":false},"author":2,"featured_media":0,"comment_status":"open","ping_status":"open","sticky":false,"template":"","format":"standard","meta":{"footnotes":"","_links_to":"","_links_to_target":""},"categories":[1],"tags":[],"class_list":["post-19630","post","type-post","status-publish","format-standard","hentry","category-geral"],"views":1758,"_links":{"self":[{"href":"https:\/\/www.sudoestehoje.com.br\/novoportal\/wp-json\/wp\/v2\/posts\/19630","targetHints":{"allow":["GET"]}}],"collection":[{"href":"https:\/\/www.sudoestehoje.com.br\/novoportal\/wp-json\/wp\/v2\/posts"}],"about":[{"href":"https:\/\/www.sudoestehoje.com.br\/novoportal\/wp-json\/wp\/v2\/types\/post"}],"author":[{"embeddable":true,"href":"https:\/\/www.sudoestehoje.com.br\/novoportal\/wp-json\/wp\/v2\/users\/2"}],"replies":[{"embeddable":true,"href":"https:\/\/www.sudoestehoje.com.br\/novoportal\/wp-json\/wp\/v2\/comments?post=19630"}],"version-history":[{"count":4,"href":"https:\/\/www.sudoestehoje.com.br\/novoportal\/wp-json\/wp\/v2\/posts\/19630\/revisions"}],"predecessor-version":[{"id":19648,"href":"https:\/\/www.sudoestehoje.com.br\/novoportal\/wp-json\/wp\/v2\/posts\/19630\/revisions\/19648"}],"wp:attachment":[{"href":"https:\/\/www.sudoestehoje.com.br\/novoportal\/wp-json\/wp\/v2\/media?parent=19630"}],"wp:term":[{"taxonomy":"category","embeddable":true,"href":"https:\/\/www.sudoestehoje.com.br\/novoportal\/wp-json\/wp\/v2\/categories?post=19630"},{"taxonomy":"post_tag","embeddable":true,"href":"https:\/\/www.sudoestehoje.com.br\/novoportal\/wp-json\/wp\/v2\/tags?post=19630"}],"curies":[{"name":"wp","href":"https:\/\/api.w.org\/{rel}","templated":true}]}}