
{"id":19617,"date":"2012-08-22T16:41:07","date_gmt":"2012-08-22T19:41:07","guid":{"rendered":"http:\/\/www.sudoestehoje.com.br\/novoportal\/?p=19617"},"modified":"2012-08-22T19:31:23","modified_gmt":"2012-08-22T22:31:23","slug":"itapetinga-comunidade-regional-quer-rever-projeto-de-construcao-da-barragem-do-catole","status":"publish","type":"post","link":"https:\/\/www.sudoestehoje.com.br\/novoportal\/2012\/08\/22\/itapetinga-comunidade-regional-quer-rever-projeto-de-construcao-da-barragem-do-catole\/","title":{"rendered":"ITAPETINGA: COMUNIDADE REGIONAL DEBATE SOBRE BARRAGEM DO CATOL\u00c9"},"content":{"rendered":"<p><img decoding=\"async\" class=\"aligncenter\" src=\"http:\/\/falaitapetinga.hospedagemdesites.ws\/wp-content\/uploads\/2012\/08\/forum.gif\" alt=\"\" \/><\/p>\n<p>&nbsp;<\/p>\n<p>ITAPETINGA:\u00a0Surpreendida pelo anuncio da libera\u00e7\u00e3o de recursos para constru\u00e7\u00e3o de uma barragem na nascente do Rio Catol\u00e9, a comunidade de Itapetinga se mobilizou atrav\u00e9s da coliga\u00e7\u00e3o \u201cUm novo tempo para Itapetinga\u201d, representada pelo Dr. Arnaldo Teixeira, e realizou um importante e representativo evento na \u00faltima ter\u00e7a-feira na C\u00e2mara de Vereadores.<!--more--><\/p>\n<p>Com a presen\u00e7a de diversas autoridades e representantes classistas em destaques os mestres e doutores da Universidade Estadual do Sudoeste da Bahia \u2013 UESB: Dr Jos\u00e9 Luiz Rech \u2013 Vice-Reitor da UESB; Dr\u00aa Patr\u00edcia Araujo (UESB); Mestre Geraldo Trindade (UESB); professor, Weligton (UESB); professor, Ronaldo Vasconcelos (UESB); professor Danilo Silva (UESB); professor,\u00a0\u00a0Ronan Batista (UESB); professora, Cledilene Batista (UESB); professora, Fl\u00e1via Mariani (UESB); doutoranda, Nelma Gusm\u00e3o (UESB) e\u00a0\u00a0Josevan Dutra;\u00a0\u00a0Mestre em Geografia (Instituto APAIRI). Tamb\u00e9m fizeram presentes: Dr. Fabr\u00edcio (OAB); Pr. Linderval de Assis; Dr. Jos\u00e9 Ot\u00e1vio; Robert Araujo (presidente de conselho); vereador, Fabiano Bahia; Iran ferr\u00e3o (ADAB); entre outros.<\/p>\n<p>A Mesa dos Trabalhos presidida pelo pedagogo e ambientalista, Jorge ferreira (APAIRI), ap\u00f3s exaustivo debate e exposi\u00e7\u00e3o feita pelos professores: Mestre, Geraldo Trindade e Dr\u00aa Patr\u00edcia Araujo com temas relacionados ao Rio catol\u00e9 e a barragem que ser\u00e1 constru\u00edda, o presidente da Mesa, Jorge ferreira encaminhou a plen\u00e1ria as seguintes propostas: 1. Solicita\u00e7\u00e3o imediata de uma \u201cAudi\u00eancia P\u00fablica com os t\u00e9cnicos da EMBASA; 2. Uma Sess\u00e3o Especial na C\u00e2mara de Vereadores, j\u00e1 requerida pelo vereador, Ded\u00e9 Morais; 3. Documento Manifesto assinado por todos e entregue \u00e0s autoridades da Uni\u00e3o Estado e Munic\u00edpio; 4. A\u00e7\u00e3o judicial para embargo se o projeto for prejudicial a Itapetinga e regi\u00e3o. Aprovado as prospostas o presidente da mesa Jorge Ferreira, passou a palavra para Dr. Arnaldo Teixeira para fazer o encerramento do evento.<\/p>\n<p><em>Itapetinga 40 Graus<\/em><\/p>\n","protected":false},"excerpt":{"rendered":"<p>&nbsp; ITAPETINGA:\u00a0Surpreendida pelo anuncio da libera\u00e7\u00e3o de recursos para constru\u00e7\u00e3o de uma barragem na nascente do Rio Catol\u00e9, a comunidade de Itapetinga se mobilizou atrav\u00e9s da coliga\u00e7\u00e3o \u201cUm novo tempo para Itapetinga\u201d, representada pelo Dr. Arnaldo Teixeira, e realizou um importante e representativo evento na \u00faltima ter\u00e7a-feira na C\u00e2mara de Vereadores.<\/p>\n","protected":false},"author":2,"featured_media":0,"comment_status":"open","ping_status":"open","sticky":false,"template":"","format":"standard","meta":{"footnotes":"","_links_to":"","_links_to_target":""},"categories":[1],"tags":[],"class_list":["post-19617","post","type-post","status-publish","format-standard","hentry","category-geral"],"views":1924,"_links":{"self":[{"href":"https:\/\/www.sudoestehoje.com.br\/novoportal\/wp-json\/wp\/v2\/posts\/19617","targetHints":{"allow":["GET"]}}],"collection":[{"href":"https:\/\/www.sudoestehoje.com.br\/novoportal\/wp-json\/wp\/v2\/posts"}],"about":[{"href":"https:\/\/www.sudoestehoje.com.br\/novoportal\/wp-json\/wp\/v2\/types\/post"}],"author":[{"embeddable":true,"href":"https:\/\/www.sudoestehoje.com.br\/novoportal\/wp-json\/wp\/v2\/users\/2"}],"replies":[{"embeddable":true,"href":"https:\/\/www.sudoestehoje.com.br\/novoportal\/wp-json\/wp\/v2\/comments?post=19617"}],"version-history":[{"count":11,"href":"https:\/\/www.sudoestehoje.com.br\/novoportal\/wp-json\/wp\/v2\/posts\/19617\/revisions"}],"predecessor-version":[{"id":19638,"href":"https:\/\/www.sudoestehoje.com.br\/novoportal\/wp-json\/wp\/v2\/posts\/19617\/revisions\/19638"}],"wp:attachment":[{"href":"https:\/\/www.sudoestehoje.com.br\/novoportal\/wp-json\/wp\/v2\/media?parent=19617"}],"wp:term":[{"taxonomy":"category","embeddable":true,"href":"https:\/\/www.sudoestehoje.com.br\/novoportal\/wp-json\/wp\/v2\/categories?post=19617"},{"taxonomy":"post_tag","embeddable":true,"href":"https:\/\/www.sudoestehoje.com.br\/novoportal\/wp-json\/wp\/v2\/tags?post=19617"}],"curies":[{"name":"wp","href":"https:\/\/api.w.org\/{rel}","templated":true}]}}