
{"id":19606,"date":"2012-08-22T10:28:00","date_gmt":"2012-08-22T13:28:00","guid":{"rendered":"http:\/\/www.sudoestehoje.com.br\/novoportal\/?p=19606"},"modified":"2012-08-22T10:28:00","modified_gmt":"2012-08-22T13:28:00","slug":"valdomiro-guimaraes-lidera-disputa-em-ribeirao-do-largo","status":"publish","type":"post","link":"https:\/\/www.sudoestehoje.com.br\/novoportal\/2012\/08\/22\/valdomiro-guimaraes-lidera-disputa-em-ribeirao-do-largo\/","title":{"rendered":"VALDOMIRO GUIMAR\u00c3ES LIDERA DISPUTA EM RIBEIR\u00c3O DO LARGO"},"content":{"rendered":"<p style=\"text-align: center;\"><em>Fotos Sudoeste Hoje<\/em><\/p>\n<p style=\"text-align: center;\"><a href=\"http:\/\/www.sudoestehoje.com.br\/novoportal\/wp-content\/uploads\/2012\/08\/100_7583.jpg\"><img decoding=\"async\" class=\"aligncenter  wp-image-19611\" title=\"100_7583\" src=\"http:\/\/www.sudoestehoje.com.br\/novoportal\/wp-content\/uploads\/2012\/08\/100_7583-500x333.jpg\" alt=\"\" width=\"400\" srcset=\"https:\/\/www.sudoestehoje.com.br\/novoportal\/wp-content\/uploads\/2012\/08\/100_7583-500x333.jpg 500w, https:\/\/www.sudoestehoje.com.br\/novoportal\/wp-content\/uploads\/2012\/08\/100_7583-1024x682.jpg 1024w, https:\/\/www.sudoestehoje.com.br\/novoportal\/wp-content\/uploads\/2012\/08\/100_7583.jpg 1800w\" sizes=\"(max-width: 500px) 100vw, 500px\" \/><\/a><\/p>\n<p style=\"text-align: center;\"><em>Valdomiro Guimar\u00e3es est\u00e1 prestigiado pelo ex-ministro Geddel Vieira Lima<\/em><\/p>\n<p>&nbsp;<\/p>\n<p>No vizinho munic\u00edpio de Ribeir\u00e3o do Largo, a disputa pela prefeitura est\u00e1 praticamente definida, como o candidato Valdomiro Guimar\u00e3es (PMDB) disparado na frente dos demais concorrentes. Valdomiro, que vem contando com apoio incondicional de Geddel \u00a0e L\u00facio Vieira Lima, vem demonstrando for\u00e7a e deve vencer com larga margem. Os outros concorrentes, Rebinha (PT) e Petr\u00f4nio (PRB) est\u00e3o extremamente desgastados e n\u00e3o t\u00eam qualquer chance de alcan\u00e7ar Valdomiro, que deve vencer a elei\u00e7\u00e3o com folga.<\/p>\n<p><em>Confira mais fotos:<\/em><\/p>\n<p style=\"text-align: center;\"><a href=\"http:\/\/www.sudoestehoje.com.br\/novoportal\/wp-content\/uploads\/2012\/08\/100_7581.jpg\"><img decoding=\"async\" class=\"aligncenter  wp-image-19612\" title=\"100_7581\" src=\"http:\/\/www.sudoestehoje.com.br\/novoportal\/wp-content\/uploads\/2012\/08\/100_7581-500x333.jpg\" alt=\"\" width=\"400\" srcset=\"https:\/\/www.sudoestehoje.com.br\/novoportal\/wp-content\/uploads\/2012\/08\/100_7581-500x333.jpg 500w, https:\/\/www.sudoestehoje.com.br\/novoportal\/wp-content\/uploads\/2012\/08\/100_7581-1024x682.jpg 1024w, https:\/\/www.sudoestehoje.com.br\/novoportal\/wp-content\/uploads\/2012\/08\/100_7581.jpg 1800w\" sizes=\"(max-width: 500px) 100vw, 500px\" \/><\/a><\/p>\n<p style=\"text-align: center;\"><a href=\"http:\/\/www.sudoestehoje.com.br\/novoportal\/wp-content\/uploads\/2012\/08\/100_7578.jpg\"><img decoding=\"async\" class=\"aligncenter  wp-image-19613\" title=\"100_7578\" src=\"http:\/\/www.sudoestehoje.com.br\/novoportal\/wp-content\/uploads\/2012\/08\/100_7578-500x333.jpg\" alt=\"\" width=\"400\" srcset=\"https:\/\/www.sudoestehoje.com.br\/novoportal\/wp-content\/uploads\/2012\/08\/100_7578-500x333.jpg 500w, https:\/\/www.sudoestehoje.com.br\/novoportal\/wp-content\/uploads\/2012\/08\/100_7578-1024x682.jpg 1024w, https:\/\/www.sudoestehoje.com.br\/novoportal\/wp-content\/uploads\/2012\/08\/100_7578.jpg 1800w\" sizes=\"(max-width: 500px) 100vw, 500px\" \/><\/a><\/p>\n<p style=\"text-align: center;\"><a href=\"http:\/\/www.sudoestehoje.com.br\/novoportal\/wp-content\/uploads\/2012\/08\/100_7589.jpg\"><img decoding=\"async\" class=\"aligncenter  wp-image-19614\" title=\"100_7589\" src=\"http:\/\/www.sudoestehoje.com.br\/novoportal\/wp-content\/uploads\/2012\/08\/100_7589-500x333.jpg\" alt=\"\" width=\"400\" srcset=\"https:\/\/www.sudoestehoje.com.br\/novoportal\/wp-content\/uploads\/2012\/08\/100_7589-500x333.jpg 500w, https:\/\/www.sudoestehoje.com.br\/novoportal\/wp-content\/uploads\/2012\/08\/100_7589-1024x682.jpg 1024w, https:\/\/www.sudoestehoje.com.br\/novoportal\/wp-content\/uploads\/2012\/08\/100_7589.jpg 1800w\" sizes=\"(max-width: 500px) 100vw, 500px\" \/><\/a><\/p>\n<p>&nbsp;<\/p>\n<p><strong><em>Da Reda\u00e7\u00e3o<\/em><\/strong><\/p>\n","protected":false},"excerpt":{"rendered":"<p>Fotos Sudoeste Hoje Valdomiro Guimar\u00e3es est\u00e1 prestigiado pelo ex-ministro Geddel Vieira Lima &nbsp; No vizinho munic\u00edpio de Ribeir\u00e3o do Largo, a disputa pela prefeitura est\u00e1 praticamente definida, como o candidato Valdomiro Guimar\u00e3es (PMDB) disparado na frente dos demais concorrentes. Valdomiro, que vem contando com apoio incondicional de Geddel \u00a0e L\u00facio Vieira Lima, vem demonstrando for\u00e7a [&hellip;]<\/p>\n","protected":false},"author":2,"featured_media":0,"comment_status":"open","ping_status":"open","sticky":false,"template":"","format":"standard","meta":{"footnotes":"","_links_to":"","_links_to_target":""},"categories":[1],"tags":[],"class_list":["post-19606","post","type-post","status-publish","format-standard","hentry","category-geral"],"views":3052,"_links":{"self":[{"href":"https:\/\/www.sudoestehoje.com.br\/novoportal\/wp-json\/wp\/v2\/posts\/19606","targetHints":{"allow":["GET"]}}],"collection":[{"href":"https:\/\/www.sudoestehoje.com.br\/novoportal\/wp-json\/wp\/v2\/posts"}],"about":[{"href":"https:\/\/www.sudoestehoje.com.br\/novoportal\/wp-json\/wp\/v2\/types\/post"}],"author":[{"embeddable":true,"href":"https:\/\/www.sudoestehoje.com.br\/novoportal\/wp-json\/wp\/v2\/users\/2"}],"replies":[{"embeddable":true,"href":"https:\/\/www.sudoestehoje.com.br\/novoportal\/wp-json\/wp\/v2\/comments?post=19606"}],"version-history":[{"count":3,"href":"https:\/\/www.sudoestehoje.com.br\/novoportal\/wp-json\/wp\/v2\/posts\/19606\/revisions"}],"predecessor-version":[{"id":19616,"href":"https:\/\/www.sudoestehoje.com.br\/novoportal\/wp-json\/wp\/v2\/posts\/19606\/revisions\/19616"}],"wp:attachment":[{"href":"https:\/\/www.sudoestehoje.com.br\/novoportal\/wp-json\/wp\/v2\/media?parent=19606"}],"wp:term":[{"taxonomy":"category","embeddable":true,"href":"https:\/\/www.sudoestehoje.com.br\/novoportal\/wp-json\/wp\/v2\/categories?post=19606"},{"taxonomy":"post_tag","embeddable":true,"href":"https:\/\/www.sudoestehoje.com.br\/novoportal\/wp-json\/wp\/v2\/tags?post=19606"}],"curies":[{"name":"wp","href":"https:\/\/api.w.org\/{rel}","templated":true}]}}