
{"id":19552,"date":"2012-08-21T17:50:36","date_gmt":"2012-08-21T20:50:36","guid":{"rendered":"http:\/\/www.sudoestehoje.com.br\/novoportal\/?p=19552"},"modified":"2012-08-22T00:19:47","modified_gmt":"2012-08-22T03:19:47","slug":"conheca-o-seu-candidato","status":"publish","type":"post","link":"https:\/\/www.sudoestehoje.com.br\/novoportal\/2012\/08\/21\/conheca-o-seu-candidato\/","title":{"rendered":"CONHE\u00c7A O SEU CANDIDATO"},"content":{"rendered":"<p style=\"text-align: center;\"><a href=\"http:\/\/www.sudoestehoje.com.br\/novoportal\/wp-content\/uploads\/2012\/08\/REGI.jpg\"><img loading=\"lazy\" decoding=\"async\" class=\"aligncenter size-full wp-image-19556\" title=\"REGI\" src=\"http:\/\/www.sudoestehoje.com.br\/novoportal\/wp-content\/uploads\/2012\/08\/REGI.jpg\" alt=\"\" width=\"345\" height=\"478\" \/><\/a><\/p>\n<p style=\"text-align: center;\"><em>REGINALDO NASCIMENTO SOUZA &#8216;REGI \u00a0DO TR\u00c2NSITO&#8217;<\/em><\/p>\n<p style=\"text-align: center;\"><em>CANDIDATO A VEREADOR PELO PR<\/em><\/p>\n<p>&nbsp;<\/p>\n<p>Natural\u00a0 da cidade de Firmino Alves, veio para Itapetinga com apenas 6 anos de idade. Estudou em escolas p\u00fablicas e concluiu o curso de T\u00e9cnico em Contabilidade no Centro Educacional Alfredo Dutra. Regi come\u00e7ou a trabalhar muito cedo, inicialmente como auxiliar numa pequena oficina eletr\u00f4nica. Trabalhou na Coopardo, na ind\u00fastria de m\u00f3veis Romak e na Cer\u00e2mica Astrolina, at\u00e9 ingressar na rec\u00e9m criada Ciretran, em 1983, como examinador. Foi promovido para Chefe do Setor T\u00e9cnico e chegou a exercer o cargo de Coordenador da 19\u00aa Ciretran, no per\u00edodo de 2000 a 2004. Continua trabalhando na Ciretran, na fun\u00e7\u00e3o de Agente Administrativo. \u00c9 pessoa bem relacionada na sociedade e pleiteia uma cadeira na C\u00e2mara Municipal, pelo PR.<\/p>\n","protected":false},"excerpt":{"rendered":"<p>REGINALDO NASCIMENTO SOUZA &#8216;REGI \u00a0DO TR\u00c2NSITO&#8217; CANDIDATO A VEREADOR PELO PR &nbsp; Natural\u00a0 da cidade de Firmino Alves, veio para Itapetinga com apenas 6 anos de idade. Estudou em escolas p\u00fablicas e concluiu o curso de T\u00e9cnico em Contabilidade no Centro Educacional Alfredo Dutra. Regi come\u00e7ou a trabalhar muito cedo, inicialmente como auxiliar numa pequena [&hellip;]<\/p>\n","protected":false},"author":2,"featured_media":0,"comment_status":"open","ping_status":"open","sticky":false,"template":"","format":"standard","meta":{"footnotes":"","_links_to":"","_links_to_target":""},"categories":[1],"tags":[],"class_list":["post-19552","post","type-post","status-publish","format-standard","hentry","category-geral"],"views":1207,"_links":{"self":[{"href":"https:\/\/www.sudoestehoje.com.br\/novoportal\/wp-json\/wp\/v2\/posts\/19552","targetHints":{"allow":["GET"]}}],"collection":[{"href":"https:\/\/www.sudoestehoje.com.br\/novoportal\/wp-json\/wp\/v2\/posts"}],"about":[{"href":"https:\/\/www.sudoestehoje.com.br\/novoportal\/wp-json\/wp\/v2\/types\/post"}],"author":[{"embeddable":true,"href":"https:\/\/www.sudoestehoje.com.br\/novoportal\/wp-json\/wp\/v2\/users\/2"}],"replies":[{"embeddable":true,"href":"https:\/\/www.sudoestehoje.com.br\/novoportal\/wp-json\/wp\/v2\/comments?post=19552"}],"version-history":[{"count":5,"href":"https:\/\/www.sudoestehoje.com.br\/novoportal\/wp-json\/wp\/v2\/posts\/19552\/revisions"}],"predecessor-version":[{"id":19597,"href":"https:\/\/www.sudoestehoje.com.br\/novoportal\/wp-json\/wp\/v2\/posts\/19552\/revisions\/19597"}],"wp:attachment":[{"href":"https:\/\/www.sudoestehoje.com.br\/novoportal\/wp-json\/wp\/v2\/media?parent=19552"}],"wp:term":[{"taxonomy":"category","embeddable":true,"href":"https:\/\/www.sudoestehoje.com.br\/novoportal\/wp-json\/wp\/v2\/categories?post=19552"},{"taxonomy":"post_tag","embeddable":true,"href":"https:\/\/www.sudoestehoje.com.br\/novoportal\/wp-json\/wp\/v2\/tags?post=19552"}],"curies":[{"name":"wp","href":"https:\/\/api.w.org\/{rel}","templated":true}]}}