
{"id":19535,"date":"2012-08-21T00:05:17","date_gmt":"2012-08-21T03:05:17","guid":{"rendered":"http:\/\/www.sudoestehoje.com.br\/novoportal\/?p=19535"},"modified":"2012-08-21T08:28:04","modified_gmt":"2012-08-21T11:28:04","slug":"carro-de-som-do-pt-continua-apreendido-no-complexo-policial","status":"publish","type":"post","link":"https:\/\/www.sudoestehoje.com.br\/novoportal\/2012\/08\/21\/carro-de-som-do-pt-continua-apreendido-no-complexo-policial\/","title":{"rendered":"CARRO DE SOM DO PT CONTINUA APREENDIDO NO COMPLEXO POLICIAL"},"content":{"rendered":"<div><\/div>\n<div><img decoding=\"async\" class=\"aligncenter\" src=\"http:\/\/3.bp.blogspot.com\/-8OJgS9hqZ6c\/UDLoi4LqrHI\/AAAAAAAAIXU\/wVYC97A9nMI\/s1600\/ze+1.jpg\" alt=\"\" width=\"500\" \/><\/div>\n<div><\/div>\n<div>ITAPETINGA: Um ve\u00edculo de passeio que estava sendo usado como carro de som na campanha do PT e que foi apreendido pela Pol\u00edcia Militar na manh\u00e3 do \u00faltimo domingo (19), na Avenida Pomp\u00edlio Espinheira, no centro de Itapetinga, continua apreendido no Complexo Policial da cidade. Alguns trechos da propaganda que estava sendo veiculada no carro de som imitavam uma sirene de pol\u00edcia.<\/div>\n<div><\/div>\n<div><img decoding=\"async\" class=\"aligncenter\" src=\"http:\/\/1.bp.blogspot.com\/-waP7qEATn5c\/UDLnl1H5ndI\/AAAAAAAAIXM\/Hln7thLet9U\/s1600\/ze+carlos.jpg\" alt=\"\" width=\"500\" \/><\/div>\n<div><\/div>\n<div>A divulga\u00e7\u00e3o tamb\u00e9m estava sendo realizada em hor\u00e1rio n\u00e3o permitido pela Justi\u00e7a Eleitoral Local, informou a Pol\u00edcia Militar no boletim de ocorr\u00eancia. Um pen drive tamb\u00e9m foi apreendido. \u00a0<strong>(Reda\u00e7\u00e3o e fotos Itapetinga Rep\u00f3rter)<\/strong><\/div>\n","protected":false},"excerpt":{"rendered":"<p>ITAPETINGA: Um ve\u00edculo de passeio que estava sendo usado como carro de som na campanha do PT e que foi apreendido pela Pol\u00edcia Militar na manh\u00e3 do \u00faltimo domingo (19), na Avenida Pomp\u00edlio Espinheira, no centro de Itapetinga, continua apreendido no Complexo Policial da cidade. Alguns trechos da propaganda que estava sendo veiculada no carro [&hellip;]<\/p>\n","protected":false},"author":2,"featured_media":0,"comment_status":"open","ping_status":"open","sticky":false,"template":"","format":"standard","meta":{"footnotes":"","_links_to":"","_links_to_target":""},"categories":[1],"tags":[],"class_list":["post-19535","post","type-post","status-publish","format-standard","hentry","category-geral"],"views":1773,"_links":{"self":[{"href":"https:\/\/www.sudoestehoje.com.br\/novoportal\/wp-json\/wp\/v2\/posts\/19535","targetHints":{"allow":["GET"]}}],"collection":[{"href":"https:\/\/www.sudoestehoje.com.br\/novoportal\/wp-json\/wp\/v2\/posts"}],"about":[{"href":"https:\/\/www.sudoestehoje.com.br\/novoportal\/wp-json\/wp\/v2\/types\/post"}],"author":[{"embeddable":true,"href":"https:\/\/www.sudoestehoje.com.br\/novoportal\/wp-json\/wp\/v2\/users\/2"}],"replies":[{"embeddable":true,"href":"https:\/\/www.sudoestehoje.com.br\/novoportal\/wp-json\/wp\/v2\/comments?post=19535"}],"version-history":[{"count":5,"href":"https:\/\/www.sudoestehoje.com.br\/novoportal\/wp-json\/wp\/v2\/posts\/19535\/revisions"}],"predecessor-version":[{"id":19549,"href":"https:\/\/www.sudoestehoje.com.br\/novoportal\/wp-json\/wp\/v2\/posts\/19535\/revisions\/19549"}],"wp:attachment":[{"href":"https:\/\/www.sudoestehoje.com.br\/novoportal\/wp-json\/wp\/v2\/media?parent=19535"}],"wp:term":[{"taxonomy":"category","embeddable":true,"href":"https:\/\/www.sudoestehoje.com.br\/novoportal\/wp-json\/wp\/v2\/categories?post=19535"},{"taxonomy":"post_tag","embeddable":true,"href":"https:\/\/www.sudoestehoje.com.br\/novoportal\/wp-json\/wp\/v2\/tags?post=19535"}],"curies":[{"name":"wp","href":"https:\/\/api.w.org\/{rel}","templated":true}]}}