
{"id":19528,"date":"2012-08-21T00:04:58","date_gmt":"2012-08-21T03:04:58","guid":{"rendered":"http:\/\/www.sudoestehoje.com.br\/novoportal\/?p=19528"},"modified":"2012-08-21T08:28:35","modified_gmt":"2012-08-21T11:28:35","slug":"horario-eleitoral-no-radio-e-tv-comeca-amanha","status":"publish","type":"post","link":"https:\/\/www.sudoestehoje.com.br\/novoportal\/2012\/08\/21\/horario-eleitoral-no-radio-e-tv-comeca-amanha\/","title":{"rendered":"HOR\u00c1RIO ELEITORAL NO R\u00c1DIO E TV COME\u00c7A NESTA TER\u00c7A"},"content":{"rendered":"<p><img decoding=\"async\" class=\"alignleft\" src=\"http:\/\/dialogospoliticos.files.wordpress.com\/2012\/08\/radiotv.gif?w=368&amp;h=272\" alt=\"\" width=\"260\" \/>Os eleitores baianos poder\u00e3o conhecer e avaliar as propostas dos candidatos a prefeito, vice-prefeito e vereador a partir do dia 21 de agosto, quando ser\u00e1 dado in\u00edcio \u00e0 veicula\u00e7\u00e3o da propaganda eleitoral gratuita na televis\u00e3o e na r\u00e1dio. A propaganda n\u00e3o ser\u00e1 veiculada apenas aos domingos e continuar\u00e1 at\u00e9 o dia quatro de outubro.<\/p>\n<p>A veicula\u00e7\u00e3o para o cargo de prefeito e vice-prefeito ser\u00e1 \u00e0s segundas, quartas e sextas-feiras. J\u00e1 para vereador, a propaganda ser\u00e1 transmitida \u00e0s ter\u00e7as, quintas e s\u00e1bados. Os hor\u00e1rios de transmiss\u00e3o ser\u00e3o das 13h \u00e0s 13h30 e das 20h30 \u00e0s 21h na televis\u00e3o e, no r\u00e1dio, das 7h \u00e0s 7h30 e das 12h \u00e0s 12h30.<\/p>\n<p><em>Ibahia<\/em><\/p>\n","protected":false},"excerpt":{"rendered":"<p>Os eleitores baianos poder\u00e3o conhecer e avaliar as propostas dos candidatos a prefeito, vice-prefeito e vereador a partir do dia 21 de agosto, quando ser\u00e1 dado in\u00edcio \u00e0 veicula\u00e7\u00e3o da propaganda eleitoral gratuita na televis\u00e3o e na r\u00e1dio. A propaganda n\u00e3o ser\u00e1 veiculada apenas aos domingos e continuar\u00e1 at\u00e9 o dia quatro de outubro. A [&hellip;]<\/p>\n","protected":false},"author":2,"featured_media":0,"comment_status":"open","ping_status":"open","sticky":false,"template":"","format":"standard","meta":{"footnotes":"","_links_to":"","_links_to_target":""},"categories":[1],"tags":[],"class_list":["post-19528","post","type-post","status-publish","format-standard","hentry","category-geral"],"views":1220,"_links":{"self":[{"href":"https:\/\/www.sudoestehoje.com.br\/novoportal\/wp-json\/wp\/v2\/posts\/19528","targetHints":{"allow":["GET"]}}],"collection":[{"href":"https:\/\/www.sudoestehoje.com.br\/novoportal\/wp-json\/wp\/v2\/posts"}],"about":[{"href":"https:\/\/www.sudoestehoje.com.br\/novoportal\/wp-json\/wp\/v2\/types\/post"}],"author":[{"embeddable":true,"href":"https:\/\/www.sudoestehoje.com.br\/novoportal\/wp-json\/wp\/v2\/users\/2"}],"replies":[{"embeddable":true,"href":"https:\/\/www.sudoestehoje.com.br\/novoportal\/wp-json\/wp\/v2\/comments?post=19528"}],"version-history":[{"count":5,"href":"https:\/\/www.sudoestehoje.com.br\/novoportal\/wp-json\/wp\/v2\/posts\/19528\/revisions"}],"predecessor-version":[{"id":19550,"href":"https:\/\/www.sudoestehoje.com.br\/novoportal\/wp-json\/wp\/v2\/posts\/19528\/revisions\/19550"}],"wp:attachment":[{"href":"https:\/\/www.sudoestehoje.com.br\/novoportal\/wp-json\/wp\/v2\/media?parent=19528"}],"wp:term":[{"taxonomy":"category","embeddable":true,"href":"https:\/\/www.sudoestehoje.com.br\/novoportal\/wp-json\/wp\/v2\/categories?post=19528"},{"taxonomy":"post_tag","embeddable":true,"href":"https:\/\/www.sudoestehoje.com.br\/novoportal\/wp-json\/wp\/v2\/tags?post=19528"}],"curies":[{"name":"wp","href":"https:\/\/api.w.org\/{rel}","templated":true}]}}