
{"id":19509,"date":"2012-08-20T20:53:49","date_gmt":"2012-08-20T23:53:49","guid":{"rendered":"http:\/\/www.sudoestehoje.com.br\/novoportal\/?p=19509"},"modified":"2012-08-20T20:53:49","modified_gmt":"2012-08-20T23:53:49","slug":"macarani-carlinhos-deslancha-e-deixa-oposicao-preocupada","status":"publish","type":"post","link":"https:\/\/www.sudoestehoje.com.br\/novoportal\/2012\/08\/20\/macarani-carlinhos-deslancha-e-deixa-oposicao-preocupada\/","title":{"rendered":"MACARANI: CARLINHOS DESLANCHA E DEIXA OPOSI\u00c7\u00c3O PREOCUPADA"},"content":{"rendered":"<p><a href=\"http:\/\/www.sudoestehoje.com.br\/novoportal\/wp-content\/uploads\/2012\/08\/prefeito-discursando-i.jpg\"><img loading=\"lazy\" decoding=\"async\" class=\"aligncenter size-medium wp-image-19513\" title=\"prefeito discursando i\" src=\"http:\/\/www.sudoestehoje.com.br\/novoportal\/wp-content\/uploads\/2012\/08\/prefeito-discursando-i-500x333.jpg\" alt=\"\" width=\"500\" height=\"333\" srcset=\"https:\/\/www.sudoestehoje.com.br\/novoportal\/wp-content\/uploads\/2012\/08\/prefeito-discursando-i-500x333.jpg 500w, https:\/\/www.sudoestehoje.com.br\/novoportal\/wp-content\/uploads\/2012\/08\/prefeito-discursando-i.jpg 960w\" sizes=\"auto, (max-width: 500px) 100vw, 500px\" \/><\/a><\/p>\n<p style=\"text-align: center;\"><em>Com\u00edcios de Carlinhos continua lotando pra\u00e7as e Avenidas de Macarani<\/em><\/p>\n<p>&nbsp;<\/p>\n<p>O convencimento do trabalho feito em Macarani nos \u00faltimos 03 anos e meio, tempo em que prefeito Carlinhos, candidato a reelei\u00e7\u00e3o, tirou a cidade do marasmo administrativo em que se encontrava e a elevou \u00e0 condi\u00e7\u00e3o da que mais cresceu no interior da Bahia, tomou conta da maioria dos eleitores do munic\u00edpio e zona rural que abra\u00e7aram a candidatura de Carlinhos, lotando Pra\u00e7as e Avenidas nos com\u00edcios realizados pela coliga\u00e7\u00e3o &#8220;O Trabalho n\u00e3o Pode Parar&#8221;.<\/p>\n<p><a href=\"http:\/\/www.sudoestehoje.com.br\/novoportal\/wp-content\/uploads\/2012\/08\/povao.jpg\"><img loading=\"lazy\" decoding=\"async\" class=\"aligncenter size-medium wp-image-19514\" title=\"povao\" src=\"http:\/\/www.sudoestehoje.com.br\/novoportal\/wp-content\/uploads\/2012\/08\/povao-500x333.jpg\" alt=\"\" width=\"500\" height=\"333\" srcset=\"https:\/\/www.sudoestehoje.com.br\/novoportal\/wp-content\/uploads\/2012\/08\/povao-500x333.jpg 500w, https:\/\/www.sudoestehoje.com.br\/novoportal\/wp-content\/uploads\/2012\/08\/povao.jpg 960w\" sizes=\"auto, (max-width: 500px) 100vw, 500px\" \/><\/a><\/p>\n<p>Alicer\u00e7ado por um palanque por expressivas autoridades pol\u00edticas locais, a exemplo de Zeneudo Matos, ex-prefeito Armando Porto, atual vice e candidata a reelei\u00e7\u00e3o, Elza Soares, Dr. Jaime Baltazar, o m\u00e9dico Miller Fernandes, importantes dissidentes do grupo do ex-prefeito Nogueira, como Luiz C\u00farcio (Lulu), o comerciante Jaj\u00e1 e tantos outros que, apesar de n\u00e3o estarem no palanque, manifestaram apoio ao atual prefeito por reconhecer a evolu\u00e7\u00e3o da cidade e a import\u00e2ncia de uma coes\u00e3o de for\u00e7as pela continuidade do trabalho.<\/p>\n<p><a href=\"http:\/\/www.sudoestehoje.com.br\/novoportal\/wp-content\/uploads\/2012\/08\/povao_davi-1.jpg\"><img loading=\"lazy\" decoding=\"async\" class=\"aligncenter size-medium wp-image-19515\" title=\"povao_davi 1\" src=\"http:\/\/www.sudoestehoje.com.br\/novoportal\/wp-content\/uploads\/2012\/08\/povao_davi-1-500x333.jpg\" alt=\"\" width=\"500\" height=\"333\" srcset=\"https:\/\/www.sudoestehoje.com.br\/novoportal\/wp-content\/uploads\/2012\/08\/povao_davi-1-500x333.jpg 500w, https:\/\/www.sudoestehoje.com.br\/novoportal\/wp-content\/uploads\/2012\/08\/povao_davi-1.jpg 960w\" sizes=\"auto, (max-width: 500px) 100vw, 500px\" \/><\/a><\/p>\n<p>Pelo lado da oposi\u00e7\u00e3o, o advers\u00e1rio n\u00e3o decolou. O ex-prefeito Nogueira, embora estivesse apto a concorrer o pleito, optou por apoiar Paulo Lacerda e indicou o seu filho, delegado Franklin Nogueira, candidato a vice. Paulo Lacerda teve a candidatura deferida, por\u00e9m sujeita a cair a qualquer momento, pois \u00e9 ficha suja e estar no pleito amparado por uma liminar.\u00a0Indiferente a isso, a popula\u00e7\u00e3o parece j\u00e1 ter se decidido em favor do atual prefeito Carlinhos, cujo volume de a\u00e7\u00f5es em seu primeiro mandato transformou a cidade num verdadeiro canteiro de obras, e isso a comunidade reconhece.<\/p>\n<p><a href=\"http:\/\/www.sudoestehoje.com.br\/novoportal\/wp-content\/uploads\/2012\/08\/zeneudo-matos-davi.jpg\"><img loading=\"lazy\" decoding=\"async\" class=\"aligncenter size-medium wp-image-19516\" title=\"zeneudo matos davi\" src=\"http:\/\/www.sudoestehoje.com.br\/novoportal\/wp-content\/uploads\/2012\/08\/zeneudo-matos-davi-500x333.jpg\" alt=\"\" width=\"500\" height=\"333\" srcset=\"https:\/\/www.sudoestehoje.com.br\/novoportal\/wp-content\/uploads\/2012\/08\/zeneudo-matos-davi-500x333.jpg 500w, https:\/\/www.sudoestehoje.com.br\/novoportal\/wp-content\/uploads\/2012\/08\/zeneudo-matos-davi.jpg 960w\" sizes=\"auto, (max-width: 500px) 100vw, 500px\" \/><\/a><\/p>\n<p>A cada manifesta\u00e7\u00e3o p\u00fablica aumenta o n\u00famero de adeptos. No \u00faltimo com\u00edcio, em plena sexta-feira, mais de 4 mil pessoas estiveram presentes no local do evento e, de forma espont\u00e2nea e contagiante, vibraram todo o tempo e, de forma un\u00edssona, gritavam pela continuidade do trabalho.\u00a0Do lado oposto, nenhuma proposta, apenas desespero e muita zoada, atitudes t\u00edpicas de candidatos reprovados pelo povo e que querem de qualquer forma reverter o que j\u00e1 foi decidido pelo povo.<\/p>\n<p><strong><em>\u00a0Ascom PMDB Macarani<\/em><\/strong><\/p>\n","protected":false},"excerpt":{"rendered":"<p>Com\u00edcios de Carlinhos continua lotando pra\u00e7as e Avenidas de Macarani &nbsp; O convencimento do trabalho feito em Macarani nos \u00faltimos 03 anos e meio, tempo em que prefeito Carlinhos, candidato a reelei\u00e7\u00e3o, tirou a cidade do marasmo administrativo em que se encontrava e a elevou \u00e0 condi\u00e7\u00e3o da que mais cresceu no interior da Bahia, [&hellip;]<\/p>\n","protected":false},"author":2,"featured_media":0,"comment_status":"open","ping_status":"open","sticky":false,"template":"","format":"standard","meta":{"footnotes":"","_links_to":"","_links_to_target":""},"categories":[1],"tags":[],"class_list":["post-19509","post","type-post","status-publish","format-standard","hentry","category-geral"],"views":2575,"_links":{"self":[{"href":"https:\/\/www.sudoestehoje.com.br\/novoportal\/wp-json\/wp\/v2\/posts\/19509","targetHints":{"allow":["GET"]}}],"collection":[{"href":"https:\/\/www.sudoestehoje.com.br\/novoportal\/wp-json\/wp\/v2\/posts"}],"about":[{"href":"https:\/\/www.sudoestehoje.com.br\/novoportal\/wp-json\/wp\/v2\/types\/post"}],"author":[{"embeddable":true,"href":"https:\/\/www.sudoestehoje.com.br\/novoportal\/wp-json\/wp\/v2\/users\/2"}],"replies":[{"embeddable":true,"href":"https:\/\/www.sudoestehoje.com.br\/novoportal\/wp-json\/wp\/v2\/comments?post=19509"}],"version-history":[{"count":4,"href":"https:\/\/www.sudoestehoje.com.br\/novoportal\/wp-json\/wp\/v2\/posts\/19509\/revisions"}],"predecessor-version":[{"id":19520,"href":"https:\/\/www.sudoestehoje.com.br\/novoportal\/wp-json\/wp\/v2\/posts\/19509\/revisions\/19520"}],"wp:attachment":[{"href":"https:\/\/www.sudoestehoje.com.br\/novoportal\/wp-json\/wp\/v2\/media?parent=19509"}],"wp:term":[{"taxonomy":"category","embeddable":true,"href":"https:\/\/www.sudoestehoje.com.br\/novoportal\/wp-json\/wp\/v2\/categories?post=19509"},{"taxonomy":"post_tag","embeddable":true,"href":"https:\/\/www.sudoestehoje.com.br\/novoportal\/wp-json\/wp\/v2\/tags?post=19509"}],"curies":[{"name":"wp","href":"https:\/\/api.w.org\/{rel}","templated":true}]}}