
{"id":1950,"date":"2010-11-14T11:14:51","date_gmt":"2010-11-14T14:14:51","guid":{"rendered":"http:\/\/www.sudoestehoje.com.br\/novoportal\/?p=1950"},"modified":"2010-11-14T11:14:51","modified_gmt":"2010-11-14T14:14:51","slug":"vitoria-da-conquista-policiais-acusados-de-executar-11-pessoas-recebem-liberdade-provisoria","status":"publish","type":"post","link":"https:\/\/www.sudoestehoje.com.br\/novoportal\/2010\/11\/14\/vitoria-da-conquista-policiais-acusados-de-executar-11-pessoas-recebem-liberdade-provisoria\/","title":{"rendered":"Vit\u00f3ria da Conquista: Policiais acusados de executar 11 pessoas recebem liberdade provis\u00f3ria"},"content":{"rendered":"<p style=\"text-align: center;\"><img decoding=\"async\" src=\"http:\/\/www.atarde.com.br\/arquivos\/2010\/02\/156645.jpg\" border=\"0\" alt=\"Alessandro Paes, de 20 anos, suspeito de participar da morte do PM Marcelo M\u00e1rcio se entregou\" \/><\/p>\n<p style=\"text-align: center;\"><strong>&#8220;Jararaca&#8221;, suspeito da morte do policial, continua preso<\/strong><\/p>\n<p>\u00a0<\/p>\n<p>VIT\u00d3RIA DA CONQUISTA: Os seis policiais militares acusados de envolvimento na morte de 11 pessoas em Vit\u00f3ria da Conquista foram soltos na noite desta sexta-feira (12) por decis\u00e3o do juiz Reno Viana Soares, titular da Vara do J\u00fari da Comarca da regi\u00e3o, segundo informa\u00e7\u00f5es da TV Sudoeste. A decis\u00e3o do juiz revoga o pedido de pris\u00e3o preventiva feito em maio &#8211; desde este m\u00eas, os PMs estavam presos no Batalh\u00e3o de Choque de Lauro de Freitas, Regi\u00e3o Metropolitana de Salvador. Agora, os seis responder\u00e3o em liberdade e podem retomar o trabalho. Inicialmente, dez PMs foram acusados de envolvimentos nos crimes na cidade, no sudoeste baiano. Eles s\u00e3o acusados pela morte de 11 pessoas e desaparecimento de outras tr\u00eas, em uma onda de crimes que come\u00e7ou ap\u00f3s o assassinato do soldado Marcelo Lima Silva, morto com um tiro na nuca na periferia de Conquista. Segundo a den\u00fancia do Minist\u00e9rio P\u00fablico, as mortes seriam uma repres\u00e1lia dos PMs. Informa\u00e7\u00f5es do Correio<\/p>\n","protected":false},"excerpt":{"rendered":"<p>&#8220;Jararaca&#8221;, suspeito da morte do policial, continua preso \u00a0 VIT\u00d3RIA DA CONQUISTA: Os seis policiais militares acusados de envolvimento na morte de 11 pessoas em Vit\u00f3ria da Conquista foram soltos na noite desta sexta-feira (12) por decis\u00e3o do juiz Reno Viana Soares, titular da Vara do J\u00fari da Comarca da regi\u00e3o, segundo informa\u00e7\u00f5es da TV [&hellip;]<\/p>\n","protected":false},"author":2,"featured_media":0,"comment_status":"open","ping_status":"open","sticky":false,"template":"","format":"standard","meta":{"footnotes":"","_links_to":"","_links_to_target":""},"categories":[1],"tags":[],"class_list":["post-1950","post","type-post","status-publish","format-standard","hentry","category-geral"],"views":2047,"_links":{"self":[{"href":"https:\/\/www.sudoestehoje.com.br\/novoportal\/wp-json\/wp\/v2\/posts\/1950","targetHints":{"allow":["GET"]}}],"collection":[{"href":"https:\/\/www.sudoestehoje.com.br\/novoportal\/wp-json\/wp\/v2\/posts"}],"about":[{"href":"https:\/\/www.sudoestehoje.com.br\/novoportal\/wp-json\/wp\/v2\/types\/post"}],"author":[{"embeddable":true,"href":"https:\/\/www.sudoestehoje.com.br\/novoportal\/wp-json\/wp\/v2\/users\/2"}],"replies":[{"embeddable":true,"href":"https:\/\/www.sudoestehoje.com.br\/novoportal\/wp-json\/wp\/v2\/comments?post=1950"}],"version-history":[{"count":3,"href":"https:\/\/www.sudoestehoje.com.br\/novoportal\/wp-json\/wp\/v2\/posts\/1950\/revisions"}],"predecessor-version":[{"id":1953,"href":"https:\/\/www.sudoestehoje.com.br\/novoportal\/wp-json\/wp\/v2\/posts\/1950\/revisions\/1953"}],"wp:attachment":[{"href":"https:\/\/www.sudoestehoje.com.br\/novoportal\/wp-json\/wp\/v2\/media?parent=1950"}],"wp:term":[{"taxonomy":"category","embeddable":true,"href":"https:\/\/www.sudoestehoje.com.br\/novoportal\/wp-json\/wp\/v2\/categories?post=1950"},{"taxonomy":"post_tag","embeddable":true,"href":"https:\/\/www.sudoestehoje.com.br\/novoportal\/wp-json\/wp\/v2\/tags?post=1950"}],"curies":[{"name":"wp","href":"https:\/\/api.w.org\/{rel}","templated":true}]}}