
{"id":19490,"date":"2012-08-20T10:15:07","date_gmt":"2012-08-20T13:15:07","guid":{"rendered":"http:\/\/www.sudoestehoje.com.br\/novoportal\/?p=19490"},"modified":"2012-08-20T11:18:51","modified_gmt":"2012-08-20T14:18:51","slug":"itapetinga-carreata-do-pt-desrespeita-a-lei-e-desafia-a-justica-eleitoral","status":"publish","type":"post","link":"https:\/\/www.sudoestehoje.com.br\/novoportal\/2012\/08\/20\/itapetinga-carreata-do-pt-desrespeita-a-lei-e-desafia-a-justica-eleitoral\/","title":{"rendered":"ITAPETINGA: CARREATA DO PT DESRESPEITA A LEI E DESAFIA A JUSTI\u00c7A ELEITORAL"},"content":{"rendered":"<p>&nbsp;<\/p>\n<p style=\"text-align: center;\"><img decoding=\"async\" class=\"aligncenter\" src=\"http:\/\/a5.sphotos.ak.fbcdn.net\/hphotos-ak-ash4\/387106_335561323197474_1075822379_n.jpg\" alt=\"\" width=\"500\" \/><\/p>\n<p style=\"text-align: center;\"><em>Desfile do prefeito na sua obra inacabada, protegido por batedores e seguran\u00e7as<\/em><\/p>\n<p>&nbsp;<\/p>\n<p>ITAPETINGA: Visando contrapor os eventos realizados pelos seus advers\u00e1rios da \u00faltima semana, o prefeito Jos\u00e9 Carlos Moura, candidato do PT, promoveu uma grande carreata, neste domingo, com cerca de 500 carros e centenas de motos, agitando o final de semana na cidade.<\/p>\n<p><img decoding=\"async\" class=\"aligncenter\" src=\"http:\/\/a5.sphotos.ak.fbcdn.net\/hphotos-ak-ash3\/528110_452657071434079_265373516_n.jpg\" alt=\"\" width=\"500\" \/><\/p>\n<p style=\"text-align: center;\"><em>Doa\u00e7\u00e3o ilegal de gasolina no Posto Elefantinho. Isto d\u00e1 cassa\u00e7\u00e3o!<\/em><\/p>\n<p>O movimento, marcado para as 9h da manh\u00e3, come\u00e7ou por volta da 7h, com carros de som e motoqueiros fazendo barulho por toda a cidade, o que resultou na apreens\u00e3o de alguns ve\u00edculos e pris\u00e3o de motoqueiros, por infringirem o Termo de Ajuste de Conduta (TAC) firmado entre os candidatos, a Promotoria Eleitoral e a Justi\u00e7a Eleitoral. Tanto os carros de som apreendidos, como os elementos presos, foram conduzidos pela PM ao Complexo Policial, mas acabaram sendo liberados no decorrer do dia. H\u00e1 informa\u00e7\u00f5es de que camisetas vermelhas que estavam sendo distribu\u00eddas, tamb\u00e9m foram apreendidas.<\/p>\n<p style=\"text-align: center;\"><img decoding=\"async\" class=\"aligncenter\" src=\"http:\/\/www.blogdodigadiga.com.br\/wp-content\/uploads\/2012\/08\/P8191389-1024x768.jpg\" alt=\"\" width=\"500\" \/><\/p>\n<p style=\"text-align: center;\"><em>Candidato a prefeito de Itarantin<\/em><\/p>\n<p>Em um posto de gasolina que fica a poucos metros do f\u00f3rum local, a doa\u00e7\u00e3o ilegal de gasolina foi feita de forma escancarada, \u00e0 luz do dia, sob o comando de um certo secret\u00e1rio da prefeitura, que distribu\u00eda ticket&#8217;s de combust\u00edvel para quem quisesse, segundo informa\u00e7\u00f5es de populares, que ficaram estarrecidos diante de tanto desrespeito \u00e0 lei. Foi preciso que o Minist\u00e9rio P\u00fablico mandasse lacrar as bombas do posto de gasolina, para frear o \u00edmpeto delituoso dos petistas.<\/p>\n<p style=\"text-align: center;\"><img decoding=\"async\" class=\"aligncenter\" src=\"http:\/\/a5.sphotos.ak.fbcdn.net\/hphotos-ak-ash3\/558488_275354285906937_1046466596_n.jpg\" alt=\"\" width=\"500\" \/><\/p>\n<p style=\"text-align: center;\"><em>Candidato a prefeito de Itoror\u00f3<\/em><\/p>\n<p>Outro fato que foi observado durante a carreta do PT, foi a presen\u00e7a maci\u00e7a de ve\u00edculos de outras localidades, como Itoror\u00f3, Itamb\u00e9, Maiquinique, Potiragu\u00e1, Itarantin, Igua\u00ed e Ibicu\u00ed, alguns deles plotados com os nomes dos candidatos a prefeito e vereador dessas cidades, que, segundo a oposi\u00e7\u00e3o, teriam comparecido \u00e0 carreata em Itapetinga, atrav\u00e9s de um trabalho de mobiliza\u00e7\u00e3o regional organizada pelo Deputado Rosemberg Pinto, que teria prometido reciprocidade nos eventos do PT na regi\u00e3o. As informa\u00e7\u00f5es s\u00e3o de que esses ve\u00edculos tamb\u00e9m teriam sido abastecido pela prefeitura de Itapetinga e seus condutores generosamente remunerados.<\/p>\n<p><img decoding=\"async\" class=\"aligncenter\" src=\"http:\/\/a7.sphotos.ak.fbcdn.net\/hphotos-ak-snc7\/295284_452415908124862_1579223882_n.jpg\" alt=\"\" width=\"500\" \/><\/p>\n<p style=\"text-align: center;\"><em>Motoqueiros enfrentaram a lama nas ruas da Vila Riac\u00e3o<\/em><\/p>\n<p>Segundo relatos de motoristas e motoqueiros que participaram da carreata, houve distribui\u00e7\u00e3o de gasolina e dinheiro para quem quisesse participar da carreata petista, o que deve ensejar diversas representa\u00e7\u00f5es eleitorais contra os candidatos da coliga\u00e7\u00e3o petista, tanto pelos se opositores, quanto pelo pr\u00f3prio Minist\u00e9rio P\u00fablico Eleitoral, que de tudo teve ci\u00eancia e adotou algumas medidas para cessar o efeito das irregularidades manifestamente praticadas. Os crimes previstos na Lei Eleitoral para estes casos s\u00e3o de Capta\u00e7\u00e3o Ilegal de Sufr\u00e1gio e Abuso do Poder Econ\u00f4mico, com penalidades que v\u00e3o desde a cassa\u00e7\u00e3o do registro ou do diploma do candidato, at\u00e9 a cassa\u00e7\u00e3o do mandato eletivo.<\/p>\n<p style=\"text-align: center;\"><img decoding=\"async\" class=\"aligncenter\" src=\"http:\/\/www.blogdodigadiga.com.br\/wp-content\/uploads\/2012\/08\/467264_392276420825492_948240724_o-1024x768.jpg\" alt=\"\" width=\"500\" \/><\/p>\n<p style=\"text-align: center;\"><em>Candidata de Itoror\u00f3<\/em><\/p>\n<p>Como resultado da \u00a0sua &#8216;grande carreata&#8217;, o prefeito colheu apenas os olhares de desconfian\u00e7a da popula\u00e7\u00e3o e pouqu\u00edssimas manifesta\u00e7\u00f5es de apoio \u00e0 sua candidatura. Nas Vilas, onde a presen\u00e7a do candidato do PT n\u00e3o \u00e9 bem vista, foi necess\u00e1rio a mobiliza\u00e7\u00e3o de &#8216;batedores&#8217; e &#8216;seguran\u00e7as&#8217; em volta do carro do prefeito, o que n\u00e3o evitou algumas manifesta\u00e7\u00f5es de protesto. Entretanto, o que marcou mesmo a festan\u00e7a do prefeito Z\u00e9 Carlos e seu vice Al\u00e9cio Chaves, foi a indiferen\u00e7a da popula\u00e7\u00e3o.<\/p>\n<p style=\"text-align: left;\"><strong><em>Por Davi Ferraz<\/em><\/strong><\/p>\n","protected":false},"excerpt":{"rendered":"<p>&nbsp; Desfile do prefeito na sua obra inacabada, protegido por batedores e seguran\u00e7as &nbsp; ITAPETINGA: Visando contrapor os eventos realizados pelos seus advers\u00e1rios da \u00faltima semana, o prefeito Jos\u00e9 Carlos Moura, candidato do PT, promoveu uma grande carreata, neste domingo, com cerca de 500 carros e centenas de motos, agitando o final de semana na [&hellip;]<\/p>\n","protected":false},"author":2,"featured_media":0,"comment_status":"open","ping_status":"open","sticky":false,"template":"","format":"standard","meta":{"footnotes":"","_links_to":"","_links_to_target":""},"categories":[1],"tags":[],"class_list":["post-19490","post","type-post","status-publish","format-standard","hentry","category-geral"],"views":3562,"_links":{"self":[{"href":"https:\/\/www.sudoestehoje.com.br\/novoportal\/wp-json\/wp\/v2\/posts\/19490","targetHints":{"allow":["GET"]}}],"collection":[{"href":"https:\/\/www.sudoestehoje.com.br\/novoportal\/wp-json\/wp\/v2\/posts"}],"about":[{"href":"https:\/\/www.sudoestehoje.com.br\/novoportal\/wp-json\/wp\/v2\/types\/post"}],"author":[{"embeddable":true,"href":"https:\/\/www.sudoestehoje.com.br\/novoportal\/wp-json\/wp\/v2\/users\/2"}],"replies":[{"embeddable":true,"href":"https:\/\/www.sudoestehoje.com.br\/novoportal\/wp-json\/wp\/v2\/comments?post=19490"}],"version-history":[{"count":7,"href":"https:\/\/www.sudoestehoje.com.br\/novoportal\/wp-json\/wp\/v2\/posts\/19490\/revisions"}],"predecessor-version":[{"id":19507,"href":"https:\/\/www.sudoestehoje.com.br\/novoportal\/wp-json\/wp\/v2\/posts\/19490\/revisions\/19507"}],"wp:attachment":[{"href":"https:\/\/www.sudoestehoje.com.br\/novoportal\/wp-json\/wp\/v2\/media?parent=19490"}],"wp:term":[{"taxonomy":"category","embeddable":true,"href":"https:\/\/www.sudoestehoje.com.br\/novoportal\/wp-json\/wp\/v2\/categories?post=19490"},{"taxonomy":"post_tag","embeddable":true,"href":"https:\/\/www.sudoestehoje.com.br\/novoportal\/wp-json\/wp\/v2\/tags?post=19490"}],"curies":[{"name":"wp","href":"https:\/\/api.w.org\/{rel}","templated":true}]}}