
{"id":19418,"date":"2012-08-17T12:53:12","date_gmt":"2012-08-17T15:53:12","guid":{"rendered":"http:\/\/www.sudoestehoje.com.br\/novoportal\/?p=19418"},"modified":"2012-08-17T12:53:12","modified_gmt":"2012-08-17T15:53:12","slug":"barragem-do-rio-catole-pode-comprometer-abastecimento-de-agua-em-itapetinga","status":"publish","type":"post","link":"https:\/\/www.sudoestehoje.com.br\/novoportal\/2012\/08\/17\/barragem-do-rio-catole-pode-comprometer-abastecimento-de-agua-em-itapetinga\/","title":{"rendered":"BARRAGEM DO RIO CATOL\u00c9 PODE COMPROMETER ABASTECIMENTO DE \u00c1GUA EM ITAPETINGA"},"content":{"rendered":"<p style=\"text-align: center;\"><img decoding=\"async\" class=\"aligncenter\" src=\"http:\/\/www.sudoestehoje.com.br\/novoportal\/wp-content\/uploads\/2012\/05\/CATOLE.jpg\" alt=\"\" width=\"400\" \/><em>Rio Catol\u00e9 no munic\u00edpio de Itapetinga\u00a0<\/em><\/p>\n<p>&nbsp;<\/p>\n<p><em><strong>Jornalista Cristal Ferraz\u00a0<\/strong><\/em><\/p>\n<p>Quais ser\u00e3o as conseq\u00fc\u00eancias da constru\u00e7\u00e3o de uma barragem no Rio Catol\u00e9 para Itapetinga?\u00a0 Essa quest\u00e3o deve ser feita por todo itapetinguense interessado em ter \u00e1gua em abund\u00e2ncia e com qualidade em nosso munic\u00edpio, pois parece que os autores da proposta de constru\u00e7\u00e3o dessa barragem pensaram apenas em resolver o problema de falta de \u00e1gua em Vit\u00f3ria da Conquista, esquecendo-se dos munic\u00edpios de Itapetinga, Itamb\u00e9 e Caatiba, que tamb\u00e9m dependem da \u00e1gua do Rio Catol\u00e9 para seu abastecimento.<\/p>\n<p>Diante da gravidade, urg\u00eancia e import\u00e2ncia do assunto, a Coliga\u00e7\u00e3o Novo Tempo para Itapetinga convida toda a comunidade, com suas institui\u00e7\u00f5es representativas, a participar de reuni\u00e3o no plen\u00e1rio da C\u00e2mara de Vereadores na pr\u00f3xima ter\u00e7a-feira , \u00e0s 19h, para debater o assunto, uma vez que projeto para constru\u00e7\u00e3o dessa barragem j\u00e1 foi autorizado pela presidente Dilma, sem que Itapetinga, representada pelo Governo Municipal, sequer se manifestou sobre o assunto.<!--more--><em><\/em><\/p>\n<p><em>\u201cApesar de estaremos promovendo a reuni\u00e3o, esperamos que haja maturidade e comprometimento das outras coliga\u00e7\u00f5es no sentido de participar dessa discuss\u00e3o, pois \u00e9 a sobreviv\u00eancia de Itapetinga que est\u00e1 em jogo e n\u00e3o os interesses partid\u00e1rios\u201d,<\/em> destacou o Dr. Arnaldo Texeira, promotor do evento. Na oportunidade espera-se tamb\u00e9m a participa\u00e7\u00e3o dos vereadores, representantes do povo em defesa da cidade, e de representantes dos demais munic\u00edpios que dependem do Rio Catol\u00e9 para sua sobreviv\u00eancia.<\/p>\n<p>Segundo um blog de Vit\u00f3ria da Conquista, a \u00a0inclus\u00e3o da constru\u00e7\u00e3o da barragem do Rio Catol\u00e9 foi comemorada pelos deputados do PT, Valdenor Pereira(federal)\u00a0 e Jos\u00e9 Raimundo(estadual). Transcreveremos a seguir trecho da mat\u00e9ria do Blog do Anderson, onde a mat\u00e9ria sobre a barragem foi publicada na quarta-feira passada: <em>A inclus\u00e3o da constru\u00e7\u00e3o da barragem do Rio Catol\u00e9 foi comemorada pelos dois parlamentares defensores do projeto elaborado pela Embasa, que pretende resolver pelos pr\u00f3ximos 20 anos o abastecimento de \u00e1gua dos tr\u00eas munic\u00edpios onde eles atuam. \u201c\u00c9 com muita alegria que eu e o deputado Z\u00e9 Raimundo Fontes acompanhamos este an\u00fancio da presidente Dilma, que beneficiar\u00e1 especialmente Vit\u00f3ria da Conquista, o segundo maior munic\u00edpio do interior da Bahia, que vem sofrendo com o racionamento de \u00e1gua devido \u00e0 seca prolongada\u201d, disse Waldenor Pereira, em pronunciamento no plen\u00e1rio da C\u00e2mara dos Deputados. Ele inclusive informou sobre as tr\u00eas etapas de investimentos previstos para a barragem. S\u00e3o R$ 23 milh\u00f5es 375 mil para a etapa inicial, uma solu\u00e7\u00e3o emergencial, com capta\u00e7\u00e3o complementar de \u00e1gua do Rio Catol\u00e9 para a barragem de \u00c1gua Fria II; R$ 132 milh\u00f5es para a constru\u00e7\u00e3o da barragem no Rio Catol\u00e9; R$ 66 milh\u00f5es 624 mil 760 para implanta\u00e7\u00e3o de elevat\u00f3rias e adutora de \u00e1gua bruta, melhoria na esta\u00e7\u00e3o de tratamento de \u00e1gua, amplia\u00e7\u00e3o da capacidade do sistema de reserva existente e da rede de distribui\u00e7\u00e3o, entre outras a\u00e7\u00f5es. O deputado Z\u00e9 Raimundo tamb\u00e9m destacou a import\u00e2ncia da barragem. \u201cCom essa iniciativa de elaborar o projeto executivo e priorizar a obra junto ao governo federal, o Governo Wagner responde de imediato \u00e0s justas reclama\u00e7\u00f5es da popula\u00e7\u00e3o conquistense, investindo aproximadamente R$ 200 milh\u00f5es para oferecer \u00e1gua pot\u00e1vel e de qualidade\u201d, avaliou<\/em>. ( os grifos s\u00e3o nossos).<\/p>\n<p>Cabe perguntar: os ilustres parlamentares e o governador Wagner, os tr\u00eas do PT foram eleitos apenas para defenderem os interesses de Vit\u00f3ria da Conquista e os outros munic\u00edpios da bacia do Catol\u00e9 que fiquem no preju\u00edzo? Acorda Itapetinga!!!<\/p>\n<p><strong>Jornalista Cristal Ferraz\u00a0<\/strong><\/p>\n","protected":false},"excerpt":{"rendered":"<p>Rio Catol\u00e9 no munic\u00edpio de Itapetinga\u00a0 &nbsp; Jornalista Cristal Ferraz\u00a0 Quais ser\u00e3o as conseq\u00fc\u00eancias da constru\u00e7\u00e3o de uma barragem no Rio Catol\u00e9 para Itapetinga?\u00a0 Essa quest\u00e3o deve ser feita por todo itapetinguense interessado em ter \u00e1gua em abund\u00e2ncia e com qualidade em nosso munic\u00edpio, pois parece que os autores da proposta de constru\u00e7\u00e3o dessa barragem [&hellip;]<\/p>\n","protected":false},"author":2,"featured_media":0,"comment_status":"open","ping_status":"open","sticky":false,"template":"","format":"standard","meta":{"footnotes":"","_links_to":"","_links_to_target":""},"categories":[1],"tags":[],"class_list":["post-19418","post","type-post","status-publish","format-standard","hentry","category-geral"],"views":3858,"_links":{"self":[{"href":"https:\/\/www.sudoestehoje.com.br\/novoportal\/wp-json\/wp\/v2\/posts\/19418","targetHints":{"allow":["GET"]}}],"collection":[{"href":"https:\/\/www.sudoestehoje.com.br\/novoportal\/wp-json\/wp\/v2\/posts"}],"about":[{"href":"https:\/\/www.sudoestehoje.com.br\/novoportal\/wp-json\/wp\/v2\/types\/post"}],"author":[{"embeddable":true,"href":"https:\/\/www.sudoestehoje.com.br\/novoportal\/wp-json\/wp\/v2\/users\/2"}],"replies":[{"embeddable":true,"href":"https:\/\/www.sudoestehoje.com.br\/novoportal\/wp-json\/wp\/v2\/comments?post=19418"}],"version-history":[{"count":7,"href":"https:\/\/www.sudoestehoje.com.br\/novoportal\/wp-json\/wp\/v2\/posts\/19418\/revisions"}],"predecessor-version":[{"id":19428,"href":"https:\/\/www.sudoestehoje.com.br\/novoportal\/wp-json\/wp\/v2\/posts\/19418\/revisions\/19428"}],"wp:attachment":[{"href":"https:\/\/www.sudoestehoje.com.br\/novoportal\/wp-json\/wp\/v2\/media?parent=19418"}],"wp:term":[{"taxonomy":"category","embeddable":true,"href":"https:\/\/www.sudoestehoje.com.br\/novoportal\/wp-json\/wp\/v2\/categories?post=19418"},{"taxonomy":"post_tag","embeddable":true,"href":"https:\/\/www.sudoestehoje.com.br\/novoportal\/wp-json\/wp\/v2\/tags?post=19418"}],"curies":[{"name":"wp","href":"https:\/\/api.w.org\/{rel}","templated":true}]}}