
{"id":194,"date":"2010-09-04T00:02:14","date_gmt":"2010-09-04T03:02:14","guid":{"rendered":"http:\/\/sudoestehoje.tempsite.ws\/novoportal\/?p=194"},"modified":"2010-09-18T13:25:52","modified_gmt":"2010-09-18T16:25:52","slug":"debandada-geral","status":"publish","type":"post","link":"https:\/\/www.sudoestehoje.com.br\/novoportal\/2010\/09\/04\/debandada-geral\/","title":{"rendered":"DEBANDADA GERAL"},"content":{"rendered":"<div>\n<div style=\"text-align: center;\"><img decoding=\"async\" src=\"http:\/\/www.pimentanamuqueca.com.br\/wp-content\/uploads\/Carreata-Wagner-Foto-Clodoaldo-Ribeiro-21.jpg\" border=\"0\" alt=\"\" \/><\/div>\n<div>Deputada \u00c2ngela Souza foi ao aeroporto receber Wagner<\/div>\n<p>A  estagna\u00e7\u00e3o do desempenho de Geddel Vieira Lima (PMDB) nas pesquisas tem  feito os aliados perderem o respeito pelo candidato ao governo baiano.  Quem estava pessoalmente inclinado a apoiar Jaques Wagner (PT), mas se  continha em fun\u00e7\u00e3o de imposi\u00e7\u00f5es partid\u00e1rias, j\u00e1 n\u00e3o tem mais nenhum  receio de declarar voto no Galego.<\/p>\n<p>Nesta semana,  dois casos emblem\u00e1ticos:\u00a0o deputado estadual Capit\u00e3o F\u00e1bio, do PRP, que  anunciou seu apoio a Wagner e ainda trocou \u201cgentilezas\u201d com o  presidente\u00a0estadual do PMDB, L\u00facio Vieira Lima; e a deputada \u00c2ngela  Sousa (PSC), que hoje foi receber Wagner no aeroporto de Ilh\u00e9us, antes  da carreata do petista.<\/p>\n<p>H\u00e1 alguns meses, a  executiva estadual do PSC chegou a dizer que negaria a legenda a quem  n\u00e3o apoiasse Geddel. Agora, com os n\u00fameros desfavor\u00e1veis ao  peemedebista, parece que\u00a0a press\u00e3o\u00a0afroxou. Porteira que passa um boi&#8230;  (Pimenta)<\/p>\n<\/div>\n","protected":false},"excerpt":{"rendered":"<p>Deputada \u00c2ngela Souza foi ao aeroporto receber Wagner A estagna\u00e7\u00e3o do desempenho de Geddel Vieira Lima (PMDB) nas pesquisas tem feito os aliados perderem o respeito pelo candidato ao governo baiano. Quem estava pessoalmente inclinado a apoiar Jaques Wagner (PT), mas se continha em fun\u00e7\u00e3o de imposi\u00e7\u00f5es partid\u00e1rias, j\u00e1 n\u00e3o tem mais nenhum receio de [&hellip;]<\/p>\n","protected":false},"author":1,"featured_media":0,"comment_status":"open","ping_status":"open","sticky":false,"template":"","format":"standard","meta":{"footnotes":"","_links_to":"","_links_to_target":""},"categories":[1],"tags":[],"class_list":["post-194","post","type-post","status-publish","format-standard","hentry","category-geral"],"views":1288,"_links":{"self":[{"href":"https:\/\/www.sudoestehoje.com.br\/novoportal\/wp-json\/wp\/v2\/posts\/194","targetHints":{"allow":["GET"]}}],"collection":[{"href":"https:\/\/www.sudoestehoje.com.br\/novoportal\/wp-json\/wp\/v2\/posts"}],"about":[{"href":"https:\/\/www.sudoestehoje.com.br\/novoportal\/wp-json\/wp\/v2\/types\/post"}],"author":[{"embeddable":true,"href":"https:\/\/www.sudoestehoje.com.br\/novoportal\/wp-json\/wp\/v2\/users\/1"}],"replies":[{"embeddable":true,"href":"https:\/\/www.sudoestehoje.com.br\/novoportal\/wp-json\/wp\/v2\/comments?post=194"}],"version-history":[{"count":1,"href":"https:\/\/www.sudoestehoje.com.br\/novoportal\/wp-json\/wp\/v2\/posts\/194\/revisions"}],"predecessor-version":[{"id":195,"href":"https:\/\/www.sudoestehoje.com.br\/novoportal\/wp-json\/wp\/v2\/posts\/194\/revisions\/195"}],"wp:attachment":[{"href":"https:\/\/www.sudoestehoje.com.br\/novoportal\/wp-json\/wp\/v2\/media?parent=194"}],"wp:term":[{"taxonomy":"category","embeddable":true,"href":"https:\/\/www.sudoestehoje.com.br\/novoportal\/wp-json\/wp\/v2\/categories?post=194"},{"taxonomy":"post_tag","embeddable":true,"href":"https:\/\/www.sudoestehoje.com.br\/novoportal\/wp-json\/wp\/v2\/tags?post=194"}],"curies":[{"name":"wp","href":"https:\/\/api.w.org\/{rel}","templated":true}]}}