
{"id":19351,"date":"2012-08-16T00:24:41","date_gmt":"2012-08-16T03:24:41","guid":{"rendered":"http:\/\/www.sudoestehoje.com.br\/novoportal\/?p=19351"},"modified":"2012-08-16T01:03:29","modified_gmt":"2012-08-16T04:03:29","slug":"tres-deputados-baianos-deixam-o-pr-para-nao-aderirem-ao-governo","status":"publish","type":"post","link":"https:\/\/www.sudoestehoje.com.br\/novoportal\/2012\/08\/16\/tres-deputados-baianos-deixam-o-pr-para-nao-aderirem-ao-governo\/","title":{"rendered":"TR\u00caS DEPUTADOS BAIANOS DEIXAM O PR PARA N\u00c3O ADERIREM AO GOVERNO"},"content":{"rendered":"<p style=\"text-align: center;\"><img decoding=\"async\" class=\"aligncenter\" src=\"http:\/\/www.sandroregis.com.br\/imagens\/sandroMicrofonePlenario.jpg\" alt=\"\" width=\"400\" \/><\/p>\n<p style=\"text-align: center;\"><em>Sandro R\u00e9gis vai alegar justa causa para deixar o PR<\/em><\/p>\n<p>&nbsp;<\/p>\n<p>Os deputados estaduais baianos, Elmar Nascimento e Sandro R\u00e9gis (foto), ambos do PR, tornaram p\u00fablica a decis\u00e3o de deixar a legenda por entender que \u201co partido mudou\u201d. O deputado federal Maur\u00edcio Trindade tamb\u00e9m deve seguir o mesmo caminho. Descontentes h\u00e1 algum tempo com os rumos da sigla na Bahia, a caminho de se tornar parte da base aliada do governador Jaques Wagner, os parlamentares confirmaram a expectativa criada desde a aproxima\u00e7\u00e3o do ex-senador e atual vice-presidente de Governo do Banco do Brasil, C\u00e9sar Borges, com os governos federal e estadual.<!--more--><\/p>\n<p>\u201cA maioria \u2013 pequena, mas maioria \u2013 entendeu que o partido deveria compor a base do governo, ent\u00e3o decidimos, eu e o deputado Sandro R\u00e9gis, entrar com o pedido de desfilia\u00e7\u00e3o por justa causa na Justi\u00e7a Eleitoral\u201d, anunciou Elmar Nascimento.<\/p>\n<p>Um dos fatores cruciais para essa \u2018debandada\u2019 foi o fato do partido apoiar a candidatura de Pelegrino, do PT, em Salvador.\u2019<\/p>\n<p>\u201cO eleitor que votou em mim, votou para eu estar na oposi\u00e7\u00e3o. Se h\u00e1 dois anos eu achava o governo ruim, hoje eu acho muito pior. Agora vou esperar a decis\u00e3o da Justi\u00e7a Eleitoral sobre a justa causa antes de buscar outro partido\u201d, relatou Elmar.<\/p>\n<p>Outro republicano \u2013 e cr\u00edtico contumaz do governo do Estado -, Sandro R\u00e9gis adotou discurso similar ao do companheiro de Legislativo. \u201cEu defendo o que eu acredito e n\u00e3o acredito nesse governo. Foi uma quest\u00e3o de foro \u00edntimo. Conversei, comuniquei e o senador [C\u00e9sar Borges] entendeu. Sempre fui oposi\u00e7\u00e3o e vou continuar sendo\u201d, disse \u00e0 Tribuna da Bahia.R\u00e9gis, por\u00e9m, assegurou que n\u00e3o houve qualquer desentendimento com o presidente estadual da legenda. \u201cApesar de o senador C\u00e9sar Borges ter sido muito correto conosco, por uma quest\u00e3o de coer\u00eancia eu n\u00e3o poderia integrar a base do governador\u201d, garantiu.<\/p>\n<p>O futuro do parlamentar, entretanto, ainda \u00e9 incerto. \u201cTodo mundo sabe da minha liga\u00e7\u00e3o umbilical com o DEM, mas vou esperar a decis\u00e3o da Justi\u00e7a Eleitoral antes de falar sobre isso\u201d, apontou.<\/p>\n","protected":false},"excerpt":{"rendered":"<p>Sandro R\u00e9gis vai alegar justa causa para deixar o PR &nbsp; Os deputados estaduais baianos, Elmar Nascimento e Sandro R\u00e9gis (foto), ambos do PR, tornaram p\u00fablica a decis\u00e3o de deixar a legenda por entender que \u201co partido mudou\u201d. O deputado federal Maur\u00edcio Trindade tamb\u00e9m deve seguir o mesmo caminho. Descontentes h\u00e1 algum tempo com os [&hellip;]<\/p>\n","protected":false},"author":2,"featured_media":0,"comment_status":"open","ping_status":"open","sticky":false,"template":"","format":"standard","meta":{"footnotes":"","_links_to":"","_links_to_target":""},"categories":[1],"tags":[],"class_list":["post-19351","post","type-post","status-publish","format-standard","hentry","category-geral"],"views":1299,"_links":{"self":[{"href":"https:\/\/www.sudoestehoje.com.br\/novoportal\/wp-json\/wp\/v2\/posts\/19351","targetHints":{"allow":["GET"]}}],"collection":[{"href":"https:\/\/www.sudoestehoje.com.br\/novoportal\/wp-json\/wp\/v2\/posts"}],"about":[{"href":"https:\/\/www.sudoestehoje.com.br\/novoportal\/wp-json\/wp\/v2\/types\/post"}],"author":[{"embeddable":true,"href":"https:\/\/www.sudoestehoje.com.br\/novoportal\/wp-json\/wp\/v2\/users\/2"}],"replies":[{"embeddable":true,"href":"https:\/\/www.sudoestehoje.com.br\/novoportal\/wp-json\/wp\/v2\/comments?post=19351"}],"version-history":[{"count":5,"href":"https:\/\/www.sudoestehoje.com.br\/novoportal\/wp-json\/wp\/v2\/posts\/19351\/revisions"}],"predecessor-version":[{"id":19363,"href":"https:\/\/www.sudoestehoje.com.br\/novoportal\/wp-json\/wp\/v2\/posts\/19351\/revisions\/19363"}],"wp:attachment":[{"href":"https:\/\/www.sudoestehoje.com.br\/novoportal\/wp-json\/wp\/v2\/media?parent=19351"}],"wp:term":[{"taxonomy":"category","embeddable":true,"href":"https:\/\/www.sudoestehoje.com.br\/novoportal\/wp-json\/wp\/v2\/categories?post=19351"},{"taxonomy":"post_tag","embeddable":true,"href":"https:\/\/www.sudoestehoje.com.br\/novoportal\/wp-json\/wp\/v2\/tags?post=19351"}],"curies":[{"name":"wp","href":"https:\/\/api.w.org\/{rel}","templated":true}]}}