
{"id":19335,"date":"2012-08-15T11:36:25","date_gmt":"2012-08-15T14:36:25","guid":{"rendered":"http:\/\/www.sudoestehoje.com.br\/novoportal\/?p=19335"},"modified":"2012-08-15T11:47:37","modified_gmt":"2012-08-15T14:47:37","slug":"pt-cogita-trazer-jaques-wagner-para-reforcar-ze-carlos","status":"publish","type":"post","link":"https:\/\/www.sudoestehoje.com.br\/novoportal\/2012\/08\/15\/pt-cogita-trazer-jaques-wagner-para-reforcar-ze-carlos\/","title":{"rendered":"PT COGITA TRAZER JAQUES WAGNER PARA \u201cREFOR\u00c7AR\u201d Z\u00c9 CARLOS"},"content":{"rendered":"<p style=\"text-align: center;\"><img decoding=\"async\" class=\"aligncenter\" src=\"http:\/\/www.tribunadaconquista.com.br\/v1\/wp-content\/uploads\/2010\/01\/wagner-em-itapetinga.JPG\" alt=\"\" width=\"400\" \/><\/p>\n<p>&nbsp;<\/p>\n<p>ITAPETINGA: Odiado e praticamente expulso da cidade pelos petistas de Itapetinga, em 2008, quando subiu no palanque para apoiar o peemedebista Michel Hagge, contra o pr\u00f3prio partido, o governado Jaques Wagner agora \u00e9 tido por alguns petistas de Itapetinga, como um &#8220;grande cabo eleitoral&#8221; e pode ser convidado a participar de um grande evento do PT local, para &#8220;refor\u00e7ar&#8221; a candidatura de Jos\u00e9 Carlos Moura, que vem encontrando s\u00e9rios problemas para deslanchar.<\/p>\n<p>O racioc\u00ednio dos correligion\u00e1rios de Z\u00e9 Carlos \u00e9 incompreens\u00edvel e vai na contram\u00e3o dos acontecimentos, j\u00e1 que nem mesmo o candidato petista a prefeito de Salvador, Nelson Pelegrino, quer Wagner no seu palanque, para n\u00e3o perder mais votos. Por onde passa, o governador petista \u00e9 vaiado, gra\u00e7as \u00e0 sua intransig\u00eancia em rela\u00e7\u00e3o \u00e0 greve dos professores, constituindo-se em uma verdadeira m\u00e1quina de tirar votos, capaz de derrotar qualquer candidato que venha a apoiar.<\/p>\n<p>Mesmo assim, os bravos petistas de Itapetinga querem traz\u00ea-lo para o palanque de Z\u00e9 Carlos, como um verdadeiro &#8216;presente de grego&#8217;. O peemedebista Michel Hagge, que j\u00e1 sentiu o &#8216;poder&#8217; de Wagner no seu \u00faltimo com\u00edcio em 2008, est\u00e1 achando porreta e dando a maior for\u00e7a para que o seu amigo &#8216;Galego&#8217; venha dar uma &#8216;m\u00e3ozinha&#8217; ao seu advers\u00e1rio, de prefer\u00eancia no \u00faltimo com\u00edcio.<\/p>\n<p>A farra vai ser de arrombar!<\/p>\n<p><strong><em>Por DAVI FERRAZ\u00a0<\/em><\/strong><\/p>\n","protected":false},"excerpt":{"rendered":"<p>&nbsp; ITAPETINGA: Odiado e praticamente expulso da cidade pelos petistas de Itapetinga, em 2008, quando subiu no palanque para apoiar o peemedebista Michel Hagge, contra o pr\u00f3prio partido, o governado Jaques Wagner agora \u00e9 tido por alguns petistas de Itapetinga, como um &#8220;grande cabo eleitoral&#8221; e pode ser convidado a participar de um grande evento [&hellip;]<\/p>\n","protected":false},"author":2,"featured_media":0,"comment_status":"open","ping_status":"open","sticky":false,"template":"","format":"standard","meta":{"footnotes":"","_links_to":"","_links_to_target":""},"categories":[1],"tags":[],"class_list":["post-19335","post","type-post","status-publish","format-standard","hentry","category-geral"],"views":1494,"_links":{"self":[{"href":"https:\/\/www.sudoestehoje.com.br\/novoportal\/wp-json\/wp\/v2\/posts\/19335","targetHints":{"allow":["GET"]}}],"collection":[{"href":"https:\/\/www.sudoestehoje.com.br\/novoportal\/wp-json\/wp\/v2\/posts"}],"about":[{"href":"https:\/\/www.sudoestehoje.com.br\/novoportal\/wp-json\/wp\/v2\/types\/post"}],"author":[{"embeddable":true,"href":"https:\/\/www.sudoestehoje.com.br\/novoportal\/wp-json\/wp\/v2\/users\/2"}],"replies":[{"embeddable":true,"href":"https:\/\/www.sudoestehoje.com.br\/novoportal\/wp-json\/wp\/v2\/comments?post=19335"}],"version-history":[{"count":4,"href":"https:\/\/www.sudoestehoje.com.br\/novoportal\/wp-json\/wp\/v2\/posts\/19335\/revisions"}],"predecessor-version":[{"id":19341,"href":"https:\/\/www.sudoestehoje.com.br\/novoportal\/wp-json\/wp\/v2\/posts\/19335\/revisions\/19341"}],"wp:attachment":[{"href":"https:\/\/www.sudoestehoje.com.br\/novoportal\/wp-json\/wp\/v2\/media?parent=19335"}],"wp:term":[{"taxonomy":"category","embeddable":true,"href":"https:\/\/www.sudoestehoje.com.br\/novoportal\/wp-json\/wp\/v2\/categories?post=19335"},{"taxonomy":"post_tag","embeddable":true,"href":"https:\/\/www.sudoestehoje.com.br\/novoportal\/wp-json\/wp\/v2\/tags?post=19335"}],"curies":[{"name":"wp","href":"https:\/\/api.w.org\/{rel}","templated":true}]}}