
{"id":19324,"date":"2012-08-15T00:56:12","date_gmt":"2012-08-15T03:56:12","guid":{"rendered":"http:\/\/www.sudoestehoje.com.br\/novoportal\/?p=19324"},"modified":"2012-08-15T00:56:12","modified_gmt":"2012-08-15T03:56:12","slug":"sera-o-retorno-do-carlismo","status":"publish","type":"post","link":"https:\/\/www.sudoestehoje.com.br\/novoportal\/2012\/08\/15\/sera-o-retorno-do-carlismo\/","title":{"rendered":"SER\u00c1 O RETORNO DO CARLISMO?"},"content":{"rendered":"<p><img decoding=\"async\" class=\"aligncenter\" src=\"http:\/\/www.brasil247.com\/get_img?ImageWidth=316&amp;ImageId=264027\" alt=\"Divulga\u00e7\u00e3o\" width=\"150\" \/><\/p>\n<p>Se em 2008 ACM Neto teve como estrat\u00e9gia n\u00e3o usar a imagem do falecido av\u00f4, para n\u00e3o perder votos, agora a hist\u00f3ria \u00e9 outra. O candidato democrata n\u00e3o tem poupado l\u00e1grimas quando fala do ex-governador da Bahia. Ser\u00e1 esse o motivo do seu primeiro lugar na pesquisa de inten\u00e7\u00e3o de voto realizada pelo Ibope? Ou a m\u00e1 fase do PT de Jaques Wagner e de Pelegrino tem contribu\u00eddo? Ser\u00e3o os efeitos negativos do mensal\u00e3o? Seja qual for a resposta, o carlismo continua forte na Bahia e o neto de &#8216;malvadeza&#8217; \u00e9 quem pode ressuscit\u00e1-lo. Aff&#8230;<\/p>\n","protected":false},"excerpt":{"rendered":"<p>Se em 2008 ACM Neto teve como estrat\u00e9gia n\u00e3o usar a imagem do falecido av\u00f4, para n\u00e3o perder votos, agora a hist\u00f3ria \u00e9 outra. O candidato democrata n\u00e3o tem poupado l\u00e1grimas quando fala do ex-governador da Bahia. Ser\u00e1 esse o motivo do seu primeiro lugar na pesquisa de inten\u00e7\u00e3o de voto realizada pelo Ibope? Ou [&hellip;]<\/p>\n","protected":false},"author":2,"featured_media":0,"comment_status":"open","ping_status":"open","sticky":false,"template":"","format":"standard","meta":{"footnotes":"","_links_to":"","_links_to_target":""},"categories":[11],"tags":[],"class_list":["post-19324","post","type-post","status-publish","format-standard","hentry","category-quentinhas"],"views":1283,"_links":{"self":[{"href":"https:\/\/www.sudoestehoje.com.br\/novoportal\/wp-json\/wp\/v2\/posts\/19324","targetHints":{"allow":["GET"]}}],"collection":[{"href":"https:\/\/www.sudoestehoje.com.br\/novoportal\/wp-json\/wp\/v2\/posts"}],"about":[{"href":"https:\/\/www.sudoestehoje.com.br\/novoportal\/wp-json\/wp\/v2\/types\/post"}],"author":[{"embeddable":true,"href":"https:\/\/www.sudoestehoje.com.br\/novoportal\/wp-json\/wp\/v2\/users\/2"}],"replies":[{"embeddable":true,"href":"https:\/\/www.sudoestehoje.com.br\/novoportal\/wp-json\/wp\/v2\/comments?post=19324"}],"version-history":[{"count":1,"href":"https:\/\/www.sudoestehoje.com.br\/novoportal\/wp-json\/wp\/v2\/posts\/19324\/revisions"}],"predecessor-version":[{"id":19328,"href":"https:\/\/www.sudoestehoje.com.br\/novoportal\/wp-json\/wp\/v2\/posts\/19324\/revisions\/19328"}],"wp:attachment":[{"href":"https:\/\/www.sudoestehoje.com.br\/novoportal\/wp-json\/wp\/v2\/media?parent=19324"}],"wp:term":[{"taxonomy":"category","embeddable":true,"href":"https:\/\/www.sudoestehoje.com.br\/novoportal\/wp-json\/wp\/v2\/categories?post=19324"},{"taxonomy":"post_tag","embeddable":true,"href":"https:\/\/www.sudoestehoje.com.br\/novoportal\/wp-json\/wp\/v2\/tags?post=19324"}],"curies":[{"name":"wp","href":"https:\/\/api.w.org\/{rel}","templated":true}]}}