
{"id":19305,"date":"2012-08-14T21:14:45","date_gmt":"2012-08-15T00:14:45","guid":{"rendered":"http:\/\/www.sudoestehoje.com.br\/novoportal\/?p=19305"},"modified":"2012-08-14T21:14:45","modified_gmt":"2012-08-15T00:14:45","slug":"caetano-quer-que-wagner-peca-desculpas-pela-greve-dos-professores","status":"publish","type":"post","link":"https:\/\/www.sudoestehoje.com.br\/novoportal\/2012\/08\/14\/caetano-quer-que-wagner-peca-desculpas-pela-greve-dos-professores\/","title":{"rendered":"CAETANO QUER QUE WAGNER PE\u00c7A DESCULPAS PELA GREVE DOS PROFESSORES"},"content":{"rendered":"<p><img decoding=\"async\" class=\"aligncenter\" src=\"http:\/\/4.bp.blogspot.com\/-Huzaf8vd-hk\/TsTxZRHMFYI\/AAAAAAAAD9o\/Hj1TP60Q8uc\/s1600\/34683_des_imagem_luiscaetano-boca-fechada-olhando-pro-lado-direito_mm.jpg\" alt=\"\" width=\"400\" \/><\/p>\n<p style=\"text-align: center;\"><em>Luiz Caetano (PT), prefeito de Cama\u00e7ari<\/em><\/p>\n<p>&nbsp;<\/p>\n<p>O prefeito de Cama\u00e7ari, Luiz Caetano, disse nesta segunda-feira (13), durante encontro de candidatos do PT, que o governador Jaques Wagner deveria ir \u00e0 televis\u00e3o \u201cpedir desculpa ao povo pela greve de professores\u201d, que durou 115 dias. Mesmo com a declara\u00e7\u00e3o do gestor em tom mais cr\u00edtico contra Wagner, a maioria dos discursos feitos procurou minimizar o desgaste do governador com a paralisa\u00e7\u00e3o dos docentes. Al\u00e9m disso, lideran\u00e7as do partido defenderam uma reaproxima\u00e7\u00e3o da legenda com sindicatos e movimentos sociais. \u201cPor mais que muitas vezes nos tratem como inimigos, temos que manter o di\u00e1logo. Derrotar o movimento sindical \u00e9 como matar a nossa m\u00e3e. Ele \u00e9 a nossa matriz\u201d, afirmou o secret\u00e1rio nacional de organiza\u00e7\u00e3o do PT, Paulo Frateschi. Informa\u00e7\u00f5es do jornal A Tarde.<\/p>\n","protected":false},"excerpt":{"rendered":"<p>Luiz Caetano (PT), prefeito de Cama\u00e7ari &nbsp; O prefeito de Cama\u00e7ari, Luiz Caetano, disse nesta segunda-feira (13), durante encontro de candidatos do PT, que o governador Jaques Wagner deveria ir \u00e0 televis\u00e3o \u201cpedir desculpa ao povo pela greve de professores\u201d, que durou 115 dias. Mesmo com a declara\u00e7\u00e3o do gestor em tom mais cr\u00edtico contra [&hellip;]<\/p>\n","protected":false},"author":2,"featured_media":0,"comment_status":"open","ping_status":"open","sticky":false,"template":"","format":"standard","meta":{"footnotes":"","_links_to":"","_links_to_target":""},"categories":[1],"tags":[],"class_list":["post-19305","post","type-post","status-publish","format-standard","hentry","category-geral"],"views":1408,"_links":{"self":[{"href":"https:\/\/www.sudoestehoje.com.br\/novoportal\/wp-json\/wp\/v2\/posts\/19305","targetHints":{"allow":["GET"]}}],"collection":[{"href":"https:\/\/www.sudoestehoje.com.br\/novoportal\/wp-json\/wp\/v2\/posts"}],"about":[{"href":"https:\/\/www.sudoestehoje.com.br\/novoportal\/wp-json\/wp\/v2\/types\/post"}],"author":[{"embeddable":true,"href":"https:\/\/www.sudoestehoje.com.br\/novoportal\/wp-json\/wp\/v2\/users\/2"}],"replies":[{"embeddable":true,"href":"https:\/\/www.sudoestehoje.com.br\/novoportal\/wp-json\/wp\/v2\/comments?post=19305"}],"version-history":[{"count":4,"href":"https:\/\/www.sudoestehoje.com.br\/novoportal\/wp-json\/wp\/v2\/posts\/19305\/revisions"}],"predecessor-version":[{"id":19312,"href":"https:\/\/www.sudoestehoje.com.br\/novoportal\/wp-json\/wp\/v2\/posts\/19305\/revisions\/19312"}],"wp:attachment":[{"href":"https:\/\/www.sudoestehoje.com.br\/novoportal\/wp-json\/wp\/v2\/media?parent=19305"}],"wp:term":[{"taxonomy":"category","embeddable":true,"href":"https:\/\/www.sudoestehoje.com.br\/novoportal\/wp-json\/wp\/v2\/categories?post=19305"},{"taxonomy":"post_tag","embeddable":true,"href":"https:\/\/www.sudoestehoje.com.br\/novoportal\/wp-json\/wp\/v2\/tags?post=19305"}],"curies":[{"name":"wp","href":"https:\/\/api.w.org\/{rel}","templated":true}]}}