
{"id":1927,"date":"2010-11-14T00:20:16","date_gmt":"2010-11-14T03:20:16","guid":{"rendered":"http:\/\/www.sudoestehoje.com.br\/novoportal\/?p=1927"},"modified":"2010-11-14T00:20:16","modified_gmt":"2010-11-14T03:20:16","slug":"dilma-deve-fixar-minimo-em-r550","status":"publish","type":"post","link":"https:\/\/www.sudoestehoje.com.br\/novoportal\/2010\/11\/14\/dilma-deve-fixar-minimo-em-r550\/","title":{"rendered":"DILMA DEVE FIXAR M\u00cdNIMO EM R$550"},"content":{"rendered":"<p style=\"text-align: center;\"><img decoding=\"async\" src=\"http:\/\/4.bp.blogspot.com\/_L3LLViIhkZA\/SYLsuMHvSBI\/AAAAAAAAHrA\/ertMlS22ndU\/s400\/Sal%C3%A1rio+M%C3%ADnimo+Pobre+Sem.jpg\" alt=\"\" \/><\/p>\n<p>\u00a0<\/p>\n<p>A presidente Dilma Rousseff, que tomar\u00e1 posse em janeiro, em acordo com o presidente Lula, decidiu fixar o sal\u00e1rio m\u00ednimo em R$ 550 para o pr\u00f3ximo ano. A informa\u00e7\u00e3o vem da Folha de S\u00e3o Paulo publicada neste s\u00e1bado (13). O governo admitiu que esse valor est\u00e1 dentro dos par\u00e2metros da realidade nacional. O referido aumento representa ganho real de 2,2%, inferior aos 7,7% pleiteado por classes trabalhadoras e centrais sindicais que defendiam SM de\u00a0R$ 580. O acr\u00e9scimo representa uma inje\u00e7\u00e3o de mais R$12 bilh\u00f5es do or\u00e7amento.<\/p>\n","protected":false},"excerpt":{"rendered":"<p>\u00a0 A presidente Dilma Rousseff, que tomar\u00e1 posse em janeiro, em acordo com o presidente Lula, decidiu fixar o sal\u00e1rio m\u00ednimo em R$ 550 para o pr\u00f3ximo ano. A informa\u00e7\u00e3o vem da Folha de S\u00e3o Paulo publicada neste s\u00e1bado (13). O governo admitiu que esse valor est\u00e1 dentro dos par\u00e2metros da realidade nacional. O referido [&hellip;]<\/p>\n","protected":false},"author":2,"featured_media":0,"comment_status":"open","ping_status":"open","sticky":false,"template":"","format":"standard","meta":{"footnotes":"","_links_to":"","_links_to_target":""},"categories":[1],"tags":[],"class_list":["post-1927","post","type-post","status-publish","format-standard","hentry","category-geral"],"views":1178,"_links":{"self":[{"href":"https:\/\/www.sudoestehoje.com.br\/novoportal\/wp-json\/wp\/v2\/posts\/1927","targetHints":{"allow":["GET"]}}],"collection":[{"href":"https:\/\/www.sudoestehoje.com.br\/novoportal\/wp-json\/wp\/v2\/posts"}],"about":[{"href":"https:\/\/www.sudoestehoje.com.br\/novoportal\/wp-json\/wp\/v2\/types\/post"}],"author":[{"embeddable":true,"href":"https:\/\/www.sudoestehoje.com.br\/novoportal\/wp-json\/wp\/v2\/users\/2"}],"replies":[{"embeddable":true,"href":"https:\/\/www.sudoestehoje.com.br\/novoportal\/wp-json\/wp\/v2\/comments?post=1927"}],"version-history":[{"count":4,"href":"https:\/\/www.sudoestehoje.com.br\/novoportal\/wp-json\/wp\/v2\/posts\/1927\/revisions"}],"predecessor-version":[{"id":1931,"href":"https:\/\/www.sudoestehoje.com.br\/novoportal\/wp-json\/wp\/v2\/posts\/1927\/revisions\/1931"}],"wp:attachment":[{"href":"https:\/\/www.sudoestehoje.com.br\/novoportal\/wp-json\/wp\/v2\/media?parent=1927"}],"wp:term":[{"taxonomy":"category","embeddable":true,"href":"https:\/\/www.sudoestehoje.com.br\/novoportal\/wp-json\/wp\/v2\/categories?post=1927"},{"taxonomy":"post_tag","embeddable":true,"href":"https:\/\/www.sudoestehoje.com.br\/novoportal\/wp-json\/wp\/v2\/tags?post=1927"}],"curies":[{"name":"wp","href":"https:\/\/api.w.org\/{rel}","templated":true}]}}