
{"id":19233,"date":"2012-08-13T20:07:37","date_gmt":"2012-08-13T23:07:37","guid":{"rendered":"http:\/\/www.sudoestehoje.com.br\/novoportal\/?p=19233"},"modified":"2012-08-13T20:07:37","modified_gmt":"2012-08-13T23:07:37","slug":"candidato-a-prefeito-de-conquista-e-sequestrado-em-minas","status":"publish","type":"post","link":"https:\/\/www.sudoestehoje.com.br\/novoportal\/2012\/08\/13\/candidato-a-prefeito-de-conquista-e-sequestrado-em-minas\/","title":{"rendered":"CANDIDATO A PREFEITO DE CONQUISTA \u00c9 SEQUESTRADO EM MINAS"},"content":{"rendered":"<p><img decoding=\"async\" class=\"aligncenter\" src=\"http:\/\/www.bahianoticias.com.br\/fotos\/principal_noticias\/120889\/IMAGEM_NOTICIA_5.jpg\" alt=\"Conquista: Prefeitur\u00e1vel \u00e9 sequestrado e solto em estrada de Minas Gerais\" width=\"400\" \/><\/p>\n<p style=\"text-align: center;\"><em>\u00c9lquisson Soares \u00e9 candidato a prefeito pelo PPS<\/em><\/p>\n<p>&nbsp;<\/p>\n<p>CONQUISTA: O ex-deputado federal e candidato a prefeito de Vit\u00f3ria da Conquista pelo PPS, \u00c9lquisson Soares, foi vitima de um sequestro no \u00faltimo s\u00e1bado (11) quando transitava entre o distrito de Ilhobim e o munic\u00edpio vizinho de Encruzilhada, no sudoeste baiano. De acordo com informa\u00e7\u00f5es do Blog do Anderson, o prefeitur\u00e1vel teria sido levado como ref\u00e9m por dois criminosos e libertado em uma estrada pertencente ao estado de Minas Gerais. O pol\u00edtico registrou queixa na tarde desta segunda (13) em Encruzilhada. O seu ve\u00edculo e uma maleta com documentos foram levados pelos bandidos. Ainda n\u00e3o h\u00e1 confirma\u00e7\u00e3o se o crime teve motiva\u00e7\u00f5es pol\u00edticas ou se foi apenas de um assalto. Soares passa bem, mas suspendeu as atividades de campanha em Vit\u00f3ria da Conquista.<\/p>\n","protected":false},"excerpt":{"rendered":"<p>\u00c9lquisson Soares \u00e9 candidato a prefeito pelo PPS &nbsp; CONQUISTA: O ex-deputado federal e candidato a prefeito de Vit\u00f3ria da Conquista pelo PPS, \u00c9lquisson Soares, foi vitima de um sequestro no \u00faltimo s\u00e1bado (11) quando transitava entre o distrito de Ilhobim e o munic\u00edpio vizinho de Encruzilhada, no sudoeste baiano. De acordo com informa\u00e7\u00f5es do [&hellip;]<\/p>\n","protected":false},"author":2,"featured_media":0,"comment_status":"open","ping_status":"open","sticky":false,"template":"","format":"standard","meta":{"footnotes":"","_links_to":"","_links_to_target":""},"categories":[1],"tags":[],"class_list":["post-19233","post","type-post","status-publish","format-standard","hentry","category-geral"],"views":1140,"_links":{"self":[{"href":"https:\/\/www.sudoestehoje.com.br\/novoportal\/wp-json\/wp\/v2\/posts\/19233","targetHints":{"allow":["GET"]}}],"collection":[{"href":"https:\/\/www.sudoestehoje.com.br\/novoportal\/wp-json\/wp\/v2\/posts"}],"about":[{"href":"https:\/\/www.sudoestehoje.com.br\/novoportal\/wp-json\/wp\/v2\/types\/post"}],"author":[{"embeddable":true,"href":"https:\/\/www.sudoestehoje.com.br\/novoportal\/wp-json\/wp\/v2\/users\/2"}],"replies":[{"embeddable":true,"href":"https:\/\/www.sudoestehoje.com.br\/novoportal\/wp-json\/wp\/v2\/comments?post=19233"}],"version-history":[{"count":3,"href":"https:\/\/www.sudoestehoje.com.br\/novoportal\/wp-json\/wp\/v2\/posts\/19233\/revisions"}],"predecessor-version":[{"id":19239,"href":"https:\/\/www.sudoestehoje.com.br\/novoportal\/wp-json\/wp\/v2\/posts\/19233\/revisions\/19239"}],"wp:attachment":[{"href":"https:\/\/www.sudoestehoje.com.br\/novoportal\/wp-json\/wp\/v2\/media?parent=19233"}],"wp:term":[{"taxonomy":"category","embeddable":true,"href":"https:\/\/www.sudoestehoje.com.br\/novoportal\/wp-json\/wp\/v2\/categories?post=19233"},{"taxonomy":"post_tag","embeddable":true,"href":"https:\/\/www.sudoestehoje.com.br\/novoportal\/wp-json\/wp\/v2\/tags?post=19233"}],"curies":[{"name":"wp","href":"https:\/\/api.w.org\/{rel}","templated":true}]}}