
{"id":19201,"date":"2012-08-14T20:49:13","date_gmt":"2012-08-14T23:49:13","guid":{"rendered":"http:\/\/www.sudoestehoje.com.br\/novoportal\/?p=19201"},"modified":"2012-08-14T20:52:57","modified_gmt":"2012-08-14T23:52:57","slug":"hd-producoes-anuncia-lancamento-da-banda-muleka-danada","status":"publish","type":"post","link":"https:\/\/www.sudoestehoje.com.br\/novoportal\/2012\/08\/14\/hd-producoes-anuncia-lancamento-da-banda-muleka-danada\/","title":{"rendered":"HD PRODU\u00c7\u00d5ES ANUNCIA LAN\u00c7AMENTO DA BANDA MULEKA DANADA"},"content":{"rendered":"<div><img decoding=\"async\" class=\"aligncenter\" src=\"http:\/\/a5.sphotos.ak.fbcdn.net\/hphotos-ak-snc7\/297637_509070452451902_2083908922_n.jpg\" alt=\"\" width=\"400\" \/><\/div>\n<div><\/div>\n<div><\/div>\n<div>Um projeto realizado pela HD Produ\u00e7\u00f5es, a produ\u00e7\u00e3o da Banda Muleka Danada , anunciou nesta semana que realizar\u00e1 o seu lan\u00e7amento no m\u00eas de Setembro, j\u00e1 esperado em toda a Bahia.\u00a0Liderada pelos vocalistas Osmar Filho e Marcielli Viana, que j\u00e1 tem grande aceita\u00e7\u00e3o de todos os f\u00e3ns, a\u00a0<span id=\"yui_3_2_0_1_13448316128738179\">Banda de Forr\u00f3 promete trazer uma inova\u00e7\u00e3o musical com um ritmo contagiante misturando \u00a0o Forr\u00f3 Vaner\u00e3o, com o molejo e o\u00a0<\/span>Swing\u00a0da Bahia caracterizando assim a sua pr\u00f3pria pegada , o que \u00e9 garantido pelo elenco de fant\u00e1sticos M\u00fasicos que n\u00e3o deixam a desejar.<\/div>\n<div><\/div>\n<div><span>&#8220;Com certeza a banda ser\u00e1 um estouro ! acreditamos no potencial dos nossos vocalistas, e de em toda a banda , afinal sabemos que o nosso publico \u00e9 bastante exigente pois est\u00e1\u00a0acostumado\u00a0com o que h\u00e1 de melhor no marcado hoje , mas n\u00e3o ficamos para tr\u00e1s, estamos trazendo um repert\u00f3rio super bacana, com um estilo de show inovador e bem marcante. J\u00e1 temos previs\u00e3o para o Lan\u00e7amento do CD Oficial em Setembro, e tamb\u00e9m temos algumas datas em vista, mas ainda a confirmar. Vai valer a pena esperar, o Forr\u00f3 Mais Danado do Brasil vem a\u00ed (risos) &#8221; , diz a assessoria de Imprensa da Banda.<\/span><\/div>\n<div><span>\u00a0<\/span><\/div>\n<div><span>O p\u00fablico j\u00e1 pode conferir as atualiza\u00e7\u00f5es da banda pelo Facebook atrav\u00e9s da P\u00e1gina\u00a0<\/span><a href=\"http:\/\/www.facebook.com\/MulekaOficial?ref=ts\" rel=\"nofollow\" target=\"_blank\">facebook.com\/MulekaOficial<\/a><\/div>\n<div><\/div>\n<div><strong>Contato para Shows:<\/strong><\/div>\n<div>HD Produ\u00e7\u00f5es<\/div>\n<div>(77)8122-7723 \/ 9126-1764<\/div>\n<div>Email:\u00a0<a href=\"mailto:producaohd@hotmail.com\" rel=\"nofollow\" target=\"_blank\">producaohd@hotmail.com<\/a><\/div>\n<div><a href=\"http:\/\/www.mulekadanada.com\/\" rel=\"nofollow\" target=\"_blank\">www.mulekadanada.com<\/a><\/div>\n","protected":false},"excerpt":{"rendered":"<p>Um projeto realizado pela HD Produ\u00e7\u00f5es, a produ\u00e7\u00e3o da Banda Muleka Danada , anunciou nesta semana que realizar\u00e1 o seu lan\u00e7amento no m\u00eas de Setembro, j\u00e1 esperado em toda a Bahia.\u00a0Liderada pelos vocalistas Osmar Filho e Marcielli Viana, que j\u00e1 tem grande aceita\u00e7\u00e3o de todos os f\u00e3ns, a\u00a0Banda de Forr\u00f3 promete trazer uma inova\u00e7\u00e3o musical [&hellip;]<\/p>\n","protected":false},"author":2,"featured_media":0,"comment_status":"open","ping_status":"open","sticky":false,"template":"","format":"standard","meta":{"footnotes":"","_links_to":"","_links_to_target":""},"categories":[1],"tags":[],"class_list":["post-19201","post","type-post","status-publish","format-standard","hentry","category-geral"],"views":1206,"_links":{"self":[{"href":"https:\/\/www.sudoestehoje.com.br\/novoportal\/wp-json\/wp\/v2\/posts\/19201","targetHints":{"allow":["GET"]}}],"collection":[{"href":"https:\/\/www.sudoestehoje.com.br\/novoportal\/wp-json\/wp\/v2\/posts"}],"about":[{"href":"https:\/\/www.sudoestehoje.com.br\/novoportal\/wp-json\/wp\/v2\/types\/post"}],"author":[{"embeddable":true,"href":"https:\/\/www.sudoestehoje.com.br\/novoportal\/wp-json\/wp\/v2\/users\/2"}],"replies":[{"embeddable":true,"href":"https:\/\/www.sudoestehoje.com.br\/novoportal\/wp-json\/wp\/v2\/comments?post=19201"}],"version-history":[{"count":8,"href":"https:\/\/www.sudoestehoje.com.br\/novoportal\/wp-json\/wp\/v2\/posts\/19201\/revisions"}],"predecessor-version":[{"id":19304,"href":"https:\/\/www.sudoestehoje.com.br\/novoportal\/wp-json\/wp\/v2\/posts\/19201\/revisions\/19304"}],"wp:attachment":[{"href":"https:\/\/www.sudoestehoje.com.br\/novoportal\/wp-json\/wp\/v2\/media?parent=19201"}],"wp:term":[{"taxonomy":"category","embeddable":true,"href":"https:\/\/www.sudoestehoje.com.br\/novoportal\/wp-json\/wp\/v2\/categories?post=19201"},{"taxonomy":"post_tag","embeddable":true,"href":"https:\/\/www.sudoestehoje.com.br\/novoportal\/wp-json\/wp\/v2\/tags?post=19201"}],"curies":[{"name":"wp","href":"https:\/\/api.w.org\/{rel}","templated":true}]}}