
{"id":190,"date":"2010-09-04T00:04:34","date_gmt":"2010-09-04T03:04:34","guid":{"rendered":"http:\/\/sudoestehoje.tempsite.ws\/novoportal\/?p=190"},"modified":"2010-09-18T13:24:05","modified_gmt":"2010-09-18T16:24:05","slug":"mais-de-20-municipios-em-carreata-de-sandro-regis-em-jequie","status":"publish","type":"post","link":"https:\/\/www.sudoestehoje.com.br\/novoportal\/2010\/09\/04\/mais-de-20-municipios-em-carreata-de-sandro-regis-em-jequie\/","title":{"rendered":"MAIS DE 20 MUNIC\u00cdPIOS EM CARREATA DE SANDRO R\u00c9GIS EM JEQUI\u00c9"},"content":{"rendered":"<div>\n<div style=\"text-align: center;\"><img loading=\"lazy\" decoding=\"async\" src=\"http:\/\/www.sandroregis22220.com.br\/wp-content\/uploads\/2010\/09\/21.jpg\" border=\"0\" alt=\"\" width=\"434\" height=\"284\" \/><\/div>\n<p>O  deputado estadual e candidato a reelei\u00e7\u00e3o, Sandro R\u00e9gis, promoveu hoje  (02) uma grande Carreata no munic\u00edpio de Jequi\u00e9. O evento contou com a  participa\u00e7\u00e3o do candidato ao governo do estado, Paulo Souto, do  candidato ao senado, Aleluia, do deputado federal e candidato a  reelei\u00e7\u00e3o, Jo\u00e3o Almeida, al\u00e9m de vereadores e lideran\u00e7as pol\u00edticas da  regi\u00e3o. Mais de 20 munic\u00edpios participaram do evento, entre eles est\u00e3o  os munic\u00edpios de\u00a0 Ituruc\u00fa, Lajedo do Tabocal, Marac\u00e1s, Planaltino,  Jaguaquara, Irajuba, Lafayete Coutinho, Jequi\u00e9, Manuel Vitorino,  Apuarema, Wenceslau Guimar\u00e3es, Itamar\u00ed, Nova Ibi\u00e1, Ibirataia, Ipia\u00fa,  Itajib\u00e1, Itaj\u00ed, Aiquara, Jita\u00fana e Santa In\u00e9s.<\/p>\n<\/div>\n","protected":false},"excerpt":{"rendered":"<p>O deputado estadual e candidato a reelei\u00e7\u00e3o, Sandro R\u00e9gis, promoveu hoje (02) uma grande Carreata no munic\u00edpio de Jequi\u00e9. O evento contou com a participa\u00e7\u00e3o do candidato ao governo do estado, Paulo Souto, do candidato ao senado, Aleluia, do deputado federal e candidato a reelei\u00e7\u00e3o, Jo\u00e3o Almeida, al\u00e9m de vereadores e lideran\u00e7as pol\u00edticas da regi\u00e3o. [&hellip;]<\/p>\n","protected":false},"author":1,"featured_media":0,"comment_status":"open","ping_status":"open","sticky":false,"template":"","format":"standard","meta":{"footnotes":"","_links_to":"","_links_to_target":""},"categories":[1],"tags":[],"class_list":["post-190","post","type-post","status-publish","format-standard","hentry","category-geral"],"views":1219,"_links":{"self":[{"href":"https:\/\/www.sudoestehoje.com.br\/novoportal\/wp-json\/wp\/v2\/posts\/190","targetHints":{"allow":["GET"]}}],"collection":[{"href":"https:\/\/www.sudoestehoje.com.br\/novoportal\/wp-json\/wp\/v2\/posts"}],"about":[{"href":"https:\/\/www.sudoestehoje.com.br\/novoportal\/wp-json\/wp\/v2\/types\/post"}],"author":[{"embeddable":true,"href":"https:\/\/www.sudoestehoje.com.br\/novoportal\/wp-json\/wp\/v2\/users\/1"}],"replies":[{"embeddable":true,"href":"https:\/\/www.sudoestehoje.com.br\/novoportal\/wp-json\/wp\/v2\/comments?post=190"}],"version-history":[{"count":1,"href":"https:\/\/www.sudoestehoje.com.br\/novoportal\/wp-json\/wp\/v2\/posts\/190\/revisions"}],"predecessor-version":[{"id":191,"href":"https:\/\/www.sudoestehoje.com.br\/novoportal\/wp-json\/wp\/v2\/posts\/190\/revisions\/191"}],"wp:attachment":[{"href":"https:\/\/www.sudoestehoje.com.br\/novoportal\/wp-json\/wp\/v2\/media?parent=190"}],"wp:term":[{"taxonomy":"category","embeddable":true,"href":"https:\/\/www.sudoestehoje.com.br\/novoportal\/wp-json\/wp\/v2\/categories?post=190"},{"taxonomy":"post_tag","embeddable":true,"href":"https:\/\/www.sudoestehoje.com.br\/novoportal\/wp-json\/wp\/v2\/tags?post=190"}],"curies":[{"name":"wp","href":"https:\/\/api.w.org\/{rel}","templated":true}]}}