
{"id":19,"date":"2009-05-21T15:24:56","date_gmt":"2009-05-21T15:24:56","guid":{"rendered":"http:\/\/sudoestehoje.tempsite.ws\/novoportal\/?p=19"},"modified":"2010-09-17T15:26:08","modified_gmt":"2010-09-17T15:26:08","slug":"protesto-interrompe-trafego-na-rio-bahia","status":"publish","type":"post","link":"https:\/\/www.sudoestehoje.com.br\/novoportal\/2009\/05\/21\/protesto-interrompe-trafego-na-rio-bahia\/","title":{"rendered":"Protesto interrompe tr\u00e1fego na Rio-Bahia"},"content":{"rendered":"<p>No in\u00edcio da tarde de hoje (quinta-feira) aconteceu um protesto na  Rio-Bahia, no trecho pr\u00f3ximo ao Atacad\u00e3o. O manifesto foi feito pelo  Movimento dos Trabalhadores Desempregados e dos Pequenos Agricultores e  parou os dois sentidos da pista fazendo com que houvesse um  congestionamento de cerca de 5 km, fazendo com que uma grande fila de  \u00f4nibus, caminh\u00f5es e carros fosse vista.<\/p>\n<div style=\"text-align: center;\"><img decoding=\"async\" src=\"http:\/\/sudoestehoje.com.br\/web\/images\/stories\/conquista212.jpg\" border=\"0\" alt=\"\" \/><\/div>\n<p>Uma  das pessoas que faz parte do grupo, que n\u00e3o quis se identificar,  explicou os motivos da iniciativa. \u201cExistem fazendas que j\u00e1 t\u00eam mais de  seis anos que eram pra ser desapropriadas. At\u00e9 hoje nossas fam\u00edlias n\u00e3o  tiveram nenhuma resposta sobre isso. N\u00e3o aguentamos mais esperar, por  isso fizemos essa mobiliza\u00e7\u00e3o com o intuito de chamar a aten\u00e7\u00e3o do  governador do estado\u201d.<\/p>\n<div style=\"text-align: center;\"><img loading=\"lazy\" decoding=\"async\" title=\"dsc02762\" src=\"http:\/\/blogdaresenhageral.com.br\/v1\/wp-content\/uploads\/dsc02762-1024x768.jpg\" border=\"0\" alt=\"dsc02762\" width=\"365\" height=\"275\" \/><\/div>\n<p>O  Movimento aproveitou a visita de Jaques Wagner para realizar a  paralisa\u00e7\u00e3o. \u201cSabemos que ele \u00e9 o representante da Bahia e queremos que  ele se sensibilize com essa classe para ver se o problema ser\u00e1  solucionado\u201d.<\/p>\n<p>O grupo utilizou pneus em chamas para paralisarem  as duas vias. A tropa de choque da Pol\u00edcia Militar, o corpo de bombeiros  e a CAESG estiveram presentes para garantirem a seguran\u00e7a e negociarem  com o objetivo de voltar a normalidade no tr\u00e2nsito. Por volta das 15h os  manifestantes abriram a estrada e liberaram o acesso.<\/p>\n","protected":false},"excerpt":{"rendered":"<p>No in\u00edcio da tarde de hoje (quinta-feira) aconteceu um protesto na Rio-Bahia, no trecho pr\u00f3ximo ao Atacad\u00e3o. O manifesto foi feito pelo Movimento dos Trabalhadores Desempregados e dos Pequenos Agricultores e parou os dois sentidos da pista fazendo com que houvesse um congestionamento de cerca de 5 km, fazendo com que uma grande fila de [&hellip;]<\/p>\n","protected":false},"author":1,"featured_media":0,"comment_status":"open","ping_status":"open","sticky":false,"template":"","format":"standard","meta":{"footnotes":"","_links_to":"","_links_to_target":""},"categories":[5],"tags":[],"class_list":["post-19","post","type-post","status-publish","format-standard","hentry","category-regiao"],"views":1471,"_links":{"self":[{"href":"https:\/\/www.sudoestehoje.com.br\/novoportal\/wp-json\/wp\/v2\/posts\/19","targetHints":{"allow":["GET"]}}],"collection":[{"href":"https:\/\/www.sudoestehoje.com.br\/novoportal\/wp-json\/wp\/v2\/posts"}],"about":[{"href":"https:\/\/www.sudoestehoje.com.br\/novoportal\/wp-json\/wp\/v2\/types\/post"}],"author":[{"embeddable":true,"href":"https:\/\/www.sudoestehoje.com.br\/novoportal\/wp-json\/wp\/v2\/users\/1"}],"replies":[{"embeddable":true,"href":"https:\/\/www.sudoestehoje.com.br\/novoportal\/wp-json\/wp\/v2\/comments?post=19"}],"version-history":[{"count":2,"href":"https:\/\/www.sudoestehoje.com.br\/novoportal\/wp-json\/wp\/v2\/posts\/19\/revisions"}],"predecessor-version":[{"id":21,"href":"https:\/\/www.sudoestehoje.com.br\/novoportal\/wp-json\/wp\/v2\/posts\/19\/revisions\/21"}],"wp:attachment":[{"href":"https:\/\/www.sudoestehoje.com.br\/novoportal\/wp-json\/wp\/v2\/media?parent=19"}],"wp:term":[{"taxonomy":"category","embeddable":true,"href":"https:\/\/www.sudoestehoje.com.br\/novoportal\/wp-json\/wp\/v2\/categories?post=19"},{"taxonomy":"post_tag","embeddable":true,"href":"https:\/\/www.sudoestehoje.com.br\/novoportal\/wp-json\/wp\/v2\/tags?post=19"}],"curies":[{"name":"wp","href":"https:\/\/api.w.org\/{rel}","templated":true}]}}