
{"id":18908,"date":"2012-08-07T18:22:10","date_gmt":"2012-08-07T21:22:10","guid":{"rendered":"http:\/\/www.sudoestehoje.com.br\/novoportal\/?p=18908"},"modified":"2012-08-07T18:22:10","modified_gmt":"2012-08-07T21:22:10","slug":"2a-via-do-titulo-pode-ser-solicitada-ate-27-de-setembro","status":"publish","type":"post","link":"https:\/\/www.sudoestehoje.com.br\/novoportal\/2012\/08\/07\/2a-via-do-titulo-pode-ser-solicitada-ate-27-de-setembro\/","title":{"rendered":"2\u00aa VIA DO T\u00cdTULO PODE SER SOLICITADA AT\u00c9 27 DE SETEMBRO"},"content":{"rendered":"<p><img decoding=\"async\" class=\"aligncenter\" src=\"http:\/\/www.politicalivre.com.br\/wp-content\/thumbgen_cache\/069f8dfc94abfde9eb146be61dc9f70a.jpg\" alt=\"\" width=\"400\" \/><\/p>\n<p>&nbsp;<\/p>\n<p>Desde o dia 9 de maio, quando houve o fechamento do Cadastro Eleitoral, os eleitores que comparecem aos postos de atendimento da Justi\u00e7a Eleitoral em todo o Brasil s\u00f3 podem solicitar tr\u00eas documentos: segunda via do t\u00edtulo do eleitor, a certid\u00e3o de quita\u00e7\u00e3o eleitoral e a certid\u00e3o circunstanciada. O dia 27 de setembro (dez dias antes da elei\u00e7\u00e3o) \u00e9 o prazo final para a solicita\u00e7\u00e3o da segunda via do t\u00edtulo. A certid\u00e3o de quita\u00e7\u00e3o eleitoral, que comprova que o eleitor est\u00e1 quite com a Justi\u00e7a Eleitoral, continua a ser solicitada, tanto pelo site do Tribunal Regional Eleitoral (TRE-BA) como em qualquer posto da Justi\u00e7a Eleitoral do Estado. O prazo consta no Calend\u00e1rio Eleitoral.<\/p>\n<p>Para os que precisam regularizar a situa\u00e7\u00e3o, seja porque tiveram o t\u00edtulo cancelado ou n\u00e3o fizeram o alistamento (primeira via do t\u00edtulo), h\u00e1 a certid\u00e3o circunstanciada. O documento comprova que o eleitor compareceu ao Tribunal para a realiza\u00e7\u00e3o dos procedimentos necess\u00e1rios, mas n\u00e3o p\u00f4de completar o servi\u00e7o devido ao fechamento do Cadastro. O documento pode ser solicitado em qualquer posto de atendimento do TRE.<\/p>\n","protected":false},"excerpt":{"rendered":"<p>&nbsp; Desde o dia 9 de maio, quando houve o fechamento do Cadastro Eleitoral, os eleitores que comparecem aos postos de atendimento da Justi\u00e7a Eleitoral em todo o Brasil s\u00f3 podem solicitar tr\u00eas documentos: segunda via do t\u00edtulo do eleitor, a certid\u00e3o de quita\u00e7\u00e3o eleitoral e a certid\u00e3o circunstanciada. O dia 27 de setembro (dez [&hellip;]<\/p>\n","protected":false},"author":2,"featured_media":0,"comment_status":"open","ping_status":"open","sticky":false,"template":"","format":"standard","meta":{"footnotes":"","_links_to":"","_links_to_target":""},"categories":[1],"tags":[],"class_list":["post-18908","post","type-post","status-publish","format-standard","hentry","category-geral"],"views":1150,"_links":{"self":[{"href":"https:\/\/www.sudoestehoje.com.br\/novoportal\/wp-json\/wp\/v2\/posts\/18908","targetHints":{"allow":["GET"]}}],"collection":[{"href":"https:\/\/www.sudoestehoje.com.br\/novoportal\/wp-json\/wp\/v2\/posts"}],"about":[{"href":"https:\/\/www.sudoestehoje.com.br\/novoportal\/wp-json\/wp\/v2\/types\/post"}],"author":[{"embeddable":true,"href":"https:\/\/www.sudoestehoje.com.br\/novoportal\/wp-json\/wp\/v2\/users\/2"}],"replies":[{"embeddable":true,"href":"https:\/\/www.sudoestehoje.com.br\/novoportal\/wp-json\/wp\/v2\/comments?post=18908"}],"version-history":[{"count":2,"href":"https:\/\/www.sudoestehoje.com.br\/novoportal\/wp-json\/wp\/v2\/posts\/18908\/revisions"}],"predecessor-version":[{"id":18913,"href":"https:\/\/www.sudoestehoje.com.br\/novoportal\/wp-json\/wp\/v2\/posts\/18908\/revisions\/18913"}],"wp:attachment":[{"href":"https:\/\/www.sudoestehoje.com.br\/novoportal\/wp-json\/wp\/v2\/media?parent=18908"}],"wp:term":[{"taxonomy":"category","embeddable":true,"href":"https:\/\/www.sudoestehoje.com.br\/novoportal\/wp-json\/wp\/v2\/categories?post=18908"},{"taxonomy":"post_tag","embeddable":true,"href":"https:\/\/www.sudoestehoje.com.br\/novoportal\/wp-json\/wp\/v2\/tags?post=18908"}],"curies":[{"name":"wp","href":"https:\/\/api.w.org\/{rel}","templated":true}]}}