
{"id":18903,"date":"2012-08-07T18:04:43","date_gmt":"2012-08-07T21:04:43","guid":{"rendered":"http:\/\/www.sudoestehoje.com.br\/novoportal\/?p=18903"},"modified":"2012-08-07T18:04:43","modified_gmt":"2012-08-07T21:04:43","slug":"salarios-dos-professores-grevistas-serao-pagos-no-dia-15","status":"publish","type":"post","link":"https:\/\/www.sudoestehoje.com.br\/novoportal\/2012\/08\/07\/salarios-dos-professores-grevistas-serao-pagos-no-dia-15\/","title":{"rendered":"SAL\u00c1RIOS DOS PROFESSORES GREVISTAS SER\u00c3O PAGOS NO DIA 15"},"content":{"rendered":"<p><img decoding=\"async\" class=\"aligncenter\" src=\"http:\/\/www.bahiatododia.com.br\/spn-admin\/midias\/imagens\/artigos\/17331_PROFESSORES.jpg\" alt=\"\" width=\"400\" \/><\/p>\n<p>&nbsp;<\/p>\n<p>O pagamento dos sal\u00e1rios dos professores da rede estadual que ainda est\u00e3o fora de folha ser\u00e1 efetuado no dia 15 deste m\u00eas, conforme informado pela Secretaria da Educa\u00e7\u00e3o do Estado da Bahia nesta ter\u00e7a-feira (7). O pagamento \u00e9 referente aos meses de abril, junho e julho, per\u00edodo da greve da categoria, e condicionado ao calend\u00e1rio de reposi\u00e7\u00e3o de aulas. A secretaria orienta que as escolas providenciem a aprova\u00e7\u00e3o do calend\u00e1rio de reposi\u00e7\u00e3o junto ao colegiado escolar e o envio \u00e0s Diretorias Regionais de Educa\u00e7\u00e3o (Direc) para que os professores que ainda est\u00e3o fora da folha recebam seus sal\u00e1rios no dia 15. Os diretores das escolas devem enviar o calend\u00e1rio de reposi\u00e7\u00e3o de aulas at\u00e9 a pr\u00f3xima segunda-feira (13). Em nota, o secret\u00e1rio estadual da Educa\u00e7\u00e3o, Osvaldo Barreto, ressalta que o cumprimento do ano letivo est\u00e1 assegurado em toda rede estadual. Leia mais no\u00a0<a href=\"http:\/\/www.correio24horas.com.br\/noticias\/detalhes\/detalhes-1\/artigo\/salarios-dos-professores-grevistas-serao-pagos-no-dia-15-diz-secretaria\/\">Correio<\/a>.<\/p>\n","protected":false},"excerpt":{"rendered":"<p>&nbsp; O pagamento dos sal\u00e1rios dos professores da rede estadual que ainda est\u00e3o fora de folha ser\u00e1 efetuado no dia 15 deste m\u00eas, conforme informado pela Secretaria da Educa\u00e7\u00e3o do Estado da Bahia nesta ter\u00e7a-feira (7). O pagamento \u00e9 referente aos meses de abril, junho e julho, per\u00edodo da greve da categoria, e condicionado ao [&hellip;]<\/p>\n","protected":false},"author":2,"featured_media":0,"comment_status":"open","ping_status":"open","sticky":false,"template":"","format":"standard","meta":{"footnotes":"","_links_to":"","_links_to_target":""},"categories":[1],"tags":[],"class_list":["post-18903","post","type-post","status-publish","format-standard","hentry","category-geral"],"views":1454,"_links":{"self":[{"href":"https:\/\/www.sudoestehoje.com.br\/novoportal\/wp-json\/wp\/v2\/posts\/18903","targetHints":{"allow":["GET"]}}],"collection":[{"href":"https:\/\/www.sudoestehoje.com.br\/novoportal\/wp-json\/wp\/v2\/posts"}],"about":[{"href":"https:\/\/www.sudoestehoje.com.br\/novoportal\/wp-json\/wp\/v2\/types\/post"}],"author":[{"embeddable":true,"href":"https:\/\/www.sudoestehoje.com.br\/novoportal\/wp-json\/wp\/v2\/users\/2"}],"replies":[{"embeddable":true,"href":"https:\/\/www.sudoestehoje.com.br\/novoportal\/wp-json\/wp\/v2\/comments?post=18903"}],"version-history":[{"count":1,"href":"https:\/\/www.sudoestehoje.com.br\/novoportal\/wp-json\/wp\/v2\/posts\/18903\/revisions"}],"predecessor-version":[{"id":18907,"href":"https:\/\/www.sudoestehoje.com.br\/novoportal\/wp-json\/wp\/v2\/posts\/18903\/revisions\/18907"}],"wp:attachment":[{"href":"https:\/\/www.sudoestehoje.com.br\/novoportal\/wp-json\/wp\/v2\/media?parent=18903"}],"wp:term":[{"taxonomy":"category","embeddable":true,"href":"https:\/\/www.sudoestehoje.com.br\/novoportal\/wp-json\/wp\/v2\/categories?post=18903"},{"taxonomy":"post_tag","embeddable":true,"href":"https:\/\/www.sudoestehoje.com.br\/novoportal\/wp-json\/wp\/v2\/tags?post=18903"}],"curies":[{"name":"wp","href":"https:\/\/api.w.org\/{rel}","templated":true}]}}