
{"id":18895,"date":"2012-08-07T09:54:41","date_gmt":"2012-08-07T12:54:41","guid":{"rendered":"http:\/\/www.sudoestehoje.com.br\/novoportal\/?p=18895"},"modified":"2012-08-07T10:02:45","modified_gmt":"2012-08-07T13:02:45","slug":"mancada-de-rosemberg-pinto-sepulta-o-pt-de-itapetinga","status":"publish","type":"post","link":"https:\/\/www.sudoestehoje.com.br\/novoportal\/2012\/08\/07\/mancada-de-rosemberg-pinto-sepulta-o-pt-de-itapetinga\/","title":{"rendered":"MANCADA DE ROSEMBERG PINTO SEPULTA O PT DE ITAPETINGA"},"content":{"rendered":"<p><img decoding=\"async\" class=\"aligncenter\" src=\"http:\/\/www.politicosdosuldabahia.com.br\/v1\/wp-content\/uploads\/rosemberg_021.jpg\" alt=\"\" \/><\/p>\n<p style=\"text-align: center;\"><em>Rosemberg Pinto assinou o &#8216;Atestado de \u00d3bito&#8217; do PT de Itapetinga<\/em><\/p>\n<p>&nbsp;<\/p>\n<p>ITAPETINGA: A interven\u00e7\u00e3o do Deputado Rosemberg Pinto nos assuntos internos do PT de Itapetinga, foram catastr\u00f3ficas para a legenda e o resultado est\u00e1 sendo a desintegra\u00e7\u00e3o total do partido, que em 2008 ganhou as elei\u00e7\u00f5es municipais e tinha tudo para crescer e se consolidar como maior partido local.<\/p>\n<p>Com a manuten\u00e7\u00e3o for\u00e7ada de \u00a0Z\u00e9 Carlos como candidato a prefeito, figuras importantes do PT de Itapetinga continuam pedindo oficialmente desfilia\u00e7\u00e3o ao partido, desembarcando em outras legendas. O primeiro grupo que rompeu com o PT, era liderado por Jorge Pantera e Gilvan Fiscal, que formaram o PSB. Por \u00faltimo, abandonaram o barco petista o professor da UESB Ronan Batista, a ex-Secret\u00e1ria de Desenvolvimento Social, Cledilene Batista, e Juan Apolony, diretor do Sindialimenta\u00e7\u00e3o, que concederem entrevista na R\u00e1dio Vida Nova FM, no \u00faltimo s\u00e1bado, anunciando a sa\u00edda do PT. Por telefone, o radialista Marcelo Lima tamb\u00e9m comunicou sua desfilia\u00e7\u00e3o.<\/p>\n<p>Todos alegaram como motivo do rompimento a descaracteriza\u00e7\u00e3o do partido e os rumos tomados pela administra\u00e7\u00e3o municipal de Itapetinga. A tend\u00eancia \u00e9 permanecer no PT somente os filiados que ocupam cargos no governo. O futuro da legenda \u00e9 incerto. Nos bastidores \u00e9 dada como certa a sa\u00edda do prefeito do PT, ganhando ou perdendo a elei\u00e7\u00e3o. Resultado o PT poder\u00e1 fechar as portas depois da elei\u00e7\u00e3o.<\/p>\n<p>Um dos nomes mais respeitados do PT local, o empres\u00e1rio Miraldo Mota, definiu assim a situa\u00e7\u00e3o atual da legenda: <em>\u201cSa\u00ed desgastado e desrespeitado do processo. A dire\u00e7\u00e3o estadual passou rolo compressor sem mostrar pesquisa e o partido teve que unificar em torno do nome do prefeito. N\u00e3o sei ainda que rumo vou tomar.\u201d\u00a0<\/em><\/p>\n<p><em><strong>Davi Ferraz<\/strong>\u00a0(com informa\u00e7\u00f5es do Itapetinga Net)<\/em><\/p>\n","protected":false},"excerpt":{"rendered":"<p>Rosemberg Pinto assinou o &#8216;Atestado de \u00d3bito&#8217; do PT de Itapetinga &nbsp; ITAPETINGA: A interven\u00e7\u00e3o do Deputado Rosemberg Pinto nos assuntos internos do PT de Itapetinga, foram catastr\u00f3ficas para a legenda e o resultado est\u00e1 sendo a desintegra\u00e7\u00e3o total do partido, que em 2008 ganhou as elei\u00e7\u00f5es municipais e tinha tudo para crescer e se [&hellip;]<\/p>\n","protected":false},"author":2,"featured_media":0,"comment_status":"open","ping_status":"open","sticky":false,"template":"","format":"standard","meta":{"footnotes":"","_links_to":"","_links_to_target":""},"categories":[1],"tags":[],"class_list":["post-18895","post","type-post","status-publish","format-standard","hentry","category-geral"],"views":1778,"_links":{"self":[{"href":"https:\/\/www.sudoestehoje.com.br\/novoportal\/wp-json\/wp\/v2\/posts\/18895","targetHints":{"allow":["GET"]}}],"collection":[{"href":"https:\/\/www.sudoestehoje.com.br\/novoportal\/wp-json\/wp\/v2\/posts"}],"about":[{"href":"https:\/\/www.sudoestehoje.com.br\/novoportal\/wp-json\/wp\/v2\/types\/post"}],"author":[{"embeddable":true,"href":"https:\/\/www.sudoestehoje.com.br\/novoportal\/wp-json\/wp\/v2\/users\/2"}],"replies":[{"embeddable":true,"href":"https:\/\/www.sudoestehoje.com.br\/novoportal\/wp-json\/wp\/v2\/comments?post=18895"}],"version-history":[{"count":4,"href":"https:\/\/www.sudoestehoje.com.br\/novoportal\/wp-json\/wp\/v2\/posts\/18895\/revisions"}],"predecessor-version":[{"id":18901,"href":"https:\/\/www.sudoestehoje.com.br\/novoportal\/wp-json\/wp\/v2\/posts\/18895\/revisions\/18901"}],"wp:attachment":[{"href":"https:\/\/www.sudoestehoje.com.br\/novoportal\/wp-json\/wp\/v2\/media?parent=18895"}],"wp:term":[{"taxonomy":"category","embeddable":true,"href":"https:\/\/www.sudoestehoje.com.br\/novoportal\/wp-json\/wp\/v2\/categories?post=18895"},{"taxonomy":"post_tag","embeddable":true,"href":"https:\/\/www.sudoestehoje.com.br\/novoportal\/wp-json\/wp\/v2\/tags?post=18895"}],"curies":[{"name":"wp","href":"https:\/\/api.w.org\/{rel}","templated":true}]}}