
{"id":18878,"date":"2012-08-07T00:45:20","date_gmt":"2012-08-07T03:45:20","guid":{"rendered":"http:\/\/www.sudoestehoje.com.br\/novoportal\/?p=18878"},"modified":"2012-08-07T01:02:04","modified_gmt":"2012-08-07T04:02:04","slug":"aulas-nas-escolas-estaduais-vao-ate-4-de-marco-diz-secretario","status":"publish","type":"post","link":"https:\/\/www.sudoestehoje.com.br\/novoportal\/2012\/08\/07\/aulas-nas-escolas-estaduais-vao-ate-4-de-marco-diz-secretario\/","title":{"rendered":"AULAS NAS ESCOLAS ESTADUAIS V\u00c3O AT\u00c9 4 DE MAR\u00c7O, DIZ SECRET\u00c1RIO"},"content":{"rendered":"<p><img decoding=\"async\" class=\"aligncenter\" src=\"http:\/\/www.politicalivre.com.br\/wp-content\/thumbgen_cache\/b0869f35d26925d501a289a7f2fd7ffe.jpg\" alt=\"\" width=\"400\" \/><\/p>\n<p style=\"text-align: center;\"><em>Secret\u00e1rio estadual da Educa\u00e7\u00e3o, Osvaldo Barreto<\/em><\/p>\n<p>&nbsp;<\/p>\n<p>As escolas da rede estadual de ensino retomaram as aulas nesta segunda-feira (6). Todas as 1.411 unidades escolares funcionaram normalmente no estado, segundo a Secretaria de Comunica\u00e7\u00e3o Social do Governo do Estado (Secom). O secret\u00e1rio estadual da Educa\u00e7\u00e3o, Osvaldo Barreto, informou que cerca de 1.200 unidades escolares v\u00e3o encerrar o letivo 2012 at\u00e9 janeiro, 200 no final de fevereiro de 2013 e algumas, no m\u00e1ximo, at\u00e9 o dia 4 de mar\u00e7o.<\/p>\n<p>As escolas devem aprovar os calend\u00e1rios de reposi\u00e7\u00e3o com os colegiados escolares e encaminhar para valida\u00e7\u00e3o da Diretoria Regional de Educa\u00e7\u00e3o (Direc). Os alunos do terceiro ano do ensino m\u00e9dio s\u00e3o os que ter\u00e3o maior dificuldade para cumprir o calend\u00e1rio. Nos fins de semana, ter\u00e3o de se dividir entre aulas de reposi\u00e7\u00e3o e os aul\u00f5es preparat\u00f3rios para a prova do Exame Nacional do Ensino M\u00e9dio (Enem).<\/p>\n<p>As aulas na maior parte das escolas ficaram suspensas durante a greve dos professores, encerrada na \u00faltima sexta-feira (3) ap\u00f3s 115 dias. (Correio)<\/p>\n","protected":false},"excerpt":{"rendered":"<p>Secret\u00e1rio estadual da Educa\u00e7\u00e3o, Osvaldo Barreto &nbsp; As escolas da rede estadual de ensino retomaram as aulas nesta segunda-feira (6). Todas as 1.411 unidades escolares funcionaram normalmente no estado, segundo a Secretaria de Comunica\u00e7\u00e3o Social do Governo do Estado (Secom). O secret\u00e1rio estadual da Educa\u00e7\u00e3o, Osvaldo Barreto, informou que cerca de 1.200 unidades escolares v\u00e3o [&hellip;]<\/p>\n","protected":false},"author":2,"featured_media":0,"comment_status":"open","ping_status":"open","sticky":false,"template":"","format":"standard","meta":{"footnotes":"","_links_to":"","_links_to_target":""},"categories":[1],"tags":[],"class_list":["post-18878","post","type-post","status-publish","format-standard","hentry","category-geral"],"views":1227,"_links":{"self":[{"href":"https:\/\/www.sudoestehoje.com.br\/novoportal\/wp-json\/wp\/v2\/posts\/18878","targetHints":{"allow":["GET"]}}],"collection":[{"href":"https:\/\/www.sudoestehoje.com.br\/novoportal\/wp-json\/wp\/v2\/posts"}],"about":[{"href":"https:\/\/www.sudoestehoje.com.br\/novoportal\/wp-json\/wp\/v2\/types\/post"}],"author":[{"embeddable":true,"href":"https:\/\/www.sudoestehoje.com.br\/novoportal\/wp-json\/wp\/v2\/users\/2"}],"replies":[{"embeddable":true,"href":"https:\/\/www.sudoestehoje.com.br\/novoportal\/wp-json\/wp\/v2\/comments?post=18878"}],"version-history":[{"count":4,"href":"https:\/\/www.sudoestehoje.com.br\/novoportal\/wp-json\/wp\/v2\/posts\/18878\/revisions"}],"predecessor-version":[{"id":18882,"href":"https:\/\/www.sudoestehoje.com.br\/novoportal\/wp-json\/wp\/v2\/posts\/18878\/revisions\/18882"}],"wp:attachment":[{"href":"https:\/\/www.sudoestehoje.com.br\/novoportal\/wp-json\/wp\/v2\/media?parent=18878"}],"wp:term":[{"taxonomy":"category","embeddable":true,"href":"https:\/\/www.sudoestehoje.com.br\/novoportal\/wp-json\/wp\/v2\/categories?post=18878"},{"taxonomy":"post_tag","embeddable":true,"href":"https:\/\/www.sudoestehoje.com.br\/novoportal\/wp-json\/wp\/v2\/tags?post=18878"}],"curies":[{"name":"wp","href":"https:\/\/api.w.org\/{rel}","templated":true}]}}