
{"id":18841,"date":"2012-08-06T10:48:58","date_gmt":"2012-08-06T13:48:58","guid":{"rendered":"http:\/\/www.sudoestehoje.com.br\/novoportal\/?p=18841"},"modified":"2012-08-06T10:48:58","modified_gmt":"2012-08-06T13:48:58","slug":"itapetinga-professores-continuam-sem-receber-os-salarios","status":"publish","type":"post","link":"https:\/\/www.sudoestehoje.com.br\/novoportal\/2012\/08\/06\/itapetinga-professores-continuam-sem-receber-os-salarios\/","title":{"rendered":"ITAPETINGA: PROFESSORES CONTINUAM SEM RECEBER OS SAL\u00c1RIOS"},"content":{"rendered":"<p><img decoding=\"async\" class=\"aligncenter\" src=\"http:\/\/3.bp.blogspot.com\/-6GbRdiTnqjA\/T5UckDftT-I\/AAAAAAAACmE\/BslY3GO7PSE\/s1600\/9723bbb9a88e638a1f7c535ad9ab2d38%5B1%5D.jpg\" alt=\"\" width=\"400\" \/><\/p>\n<p>&nbsp;<\/p>\n<p>Um grande mist\u00e9rio envolve a Secretaria Municipal de Educa\u00e7\u00e3o. Mesmo tendo recebido os repasses do Fundeb em dia, como de costume, os sal\u00e1rios de julho dos professores da rede municipal continuam sem serem pagos, at\u00e9 a data de hoje, de acordo com informa\u00e7\u00f5es dos pr\u00f3prios professores.<\/p>\n<p>Outros servidores municipais, notadamente os de alguns setores da Secretaria de Sa\u00fade, tamb\u00e9m continuam reclamando os sucessivos atrasos no recebimento dos sal\u00e1rios, embora os repasses da sa\u00fade tamb\u00e9m estejam sendo feitos pontualmente pelo Governo Federal, como se pode verificar acessando o portal do Banco do Brasil.<\/p>\n<p>Tanto o dinheiro do Fundeb, quanto o da sa\u00fade, s\u00e3o verbas carimbadas e n\u00e3o podem ser utilizadas para pagamento de despesas em outras \u00e1reas da administra\u00e7\u00e3o. Se o dinheiro chegou e os sal\u00e1rios ainda n\u00e3o foram pagos, pressup\u00f5es-se que algum desvio possa ter ocorrido. Ou ter\u00e1 sido mera incompet\u00eancia?<\/p>\n<p>Com a palavra as dign\u00edssimas secret\u00e1rias de educa\u00e7\u00e3o e da sa\u00fade.<\/p>\n<p><strong><em>Por Davi Ferraz<\/em><\/strong><\/p>\n","protected":false},"excerpt":{"rendered":"<p>&nbsp; Um grande mist\u00e9rio envolve a Secretaria Municipal de Educa\u00e7\u00e3o. Mesmo tendo recebido os repasses do Fundeb em dia, como de costume, os sal\u00e1rios de julho dos professores da rede municipal continuam sem serem pagos, at\u00e9 a data de hoje, de acordo com informa\u00e7\u00f5es dos pr\u00f3prios professores. Outros servidores municipais, notadamente os de alguns setores [&hellip;]<\/p>\n","protected":false},"author":2,"featured_media":0,"comment_status":"open","ping_status":"open","sticky":false,"template":"","format":"standard","meta":{"footnotes":"","_links_to":"","_links_to_target":""},"categories":[1],"tags":[],"class_list":["post-18841","post","type-post","status-publish","format-standard","hentry","category-geral"],"views":1628,"_links":{"self":[{"href":"https:\/\/www.sudoestehoje.com.br\/novoportal\/wp-json\/wp\/v2\/posts\/18841","targetHints":{"allow":["GET"]}}],"collection":[{"href":"https:\/\/www.sudoestehoje.com.br\/novoportal\/wp-json\/wp\/v2\/posts"}],"about":[{"href":"https:\/\/www.sudoestehoje.com.br\/novoportal\/wp-json\/wp\/v2\/types\/post"}],"author":[{"embeddable":true,"href":"https:\/\/www.sudoestehoje.com.br\/novoportal\/wp-json\/wp\/v2\/users\/2"}],"replies":[{"embeddable":true,"href":"https:\/\/www.sudoestehoje.com.br\/novoportal\/wp-json\/wp\/v2\/comments?post=18841"}],"version-history":[{"count":1,"href":"https:\/\/www.sudoestehoje.com.br\/novoportal\/wp-json\/wp\/v2\/posts\/18841\/revisions"}],"predecessor-version":[{"id":18845,"href":"https:\/\/www.sudoestehoje.com.br\/novoportal\/wp-json\/wp\/v2\/posts\/18841\/revisions\/18845"}],"wp:attachment":[{"href":"https:\/\/www.sudoestehoje.com.br\/novoportal\/wp-json\/wp\/v2\/media?parent=18841"}],"wp:term":[{"taxonomy":"category","embeddable":true,"href":"https:\/\/www.sudoestehoje.com.br\/novoportal\/wp-json\/wp\/v2\/categories?post=18841"},{"taxonomy":"post_tag","embeddable":true,"href":"https:\/\/www.sudoestehoje.com.br\/novoportal\/wp-json\/wp\/v2\/tags?post=18841"}],"curies":[{"name":"wp","href":"https:\/\/api.w.org\/{rel}","templated":true}]}}