
{"id":18794,"date":"2012-08-05T12:48:23","date_gmt":"2012-08-05T15:48:23","guid":{"rendered":"http:\/\/www.sudoestehoje.com.br\/novoportal\/?p=18794"},"modified":"2012-08-05T13:39:14","modified_gmt":"2012-08-05T16:39:14","slug":"itapetinga-juiza-eleitoral-proibe-musica-dos-come-feira","status":"publish","type":"post","link":"https:\/\/www.sudoestehoje.com.br\/novoportal\/2012\/08\/05\/itapetinga-juiza-eleitoral-proibe-musica-dos-come-feira\/","title":{"rendered":"ITAPETINGA: JU\u00cdZA ELEITORAL PRO\u00cdBE M\u00daSICA DOS &#8220;COME-FEIRA&#8221;"},"content":{"rendered":"<p><img decoding=\"async\" class=\"aligncenter\" src=\"http:\/\/mundolouco.net\/wp-content\/uploads\/2011\/10\/garota-que-come-a-cada-15-minutos-para-sobreviver3.jpg\" alt=\"\" width=\"400\" \/><\/p>\n<p style=\"text-align: center;\"><em>Foto exclusiva de uma aut\u00eantica &#8220;come-feira&#8221;<\/em><\/p>\n<p>&nbsp;<\/p>\n<p>A pedido da coliga\u00e7\u00e3o do candidato petista Jos\u00e9 Carlos Moura, a Justi\u00e7a Eleitoral proibiu aos carros de som do PMDB a veicula\u00e7\u00e3o de um <em>jingle<\/em> de campanha que fazia alus\u00e3o aos famosos &#8220;come-feira&#8221;, denomina\u00e7\u00e3o usada pelos advers\u00e1rios do prefeito para caracterizar funcion\u00e1rios municipais contratados, supostamente sem nenhuma atribui\u00e7\u00e3o ou serventia ao servi\u00e7o p\u00fablico.<\/p>\n<p>Embora o jingle tivesse endere\u00e7o certo, n\u00e3o fazia nenhuma alus\u00e3o pejorativa ou depreciativa aos candidatos da coliga\u00e7\u00e3o do prefeito, mas este acabou assumindo a carapu\u00e7a e pediu na justi\u00e7a \u00a0a retirada do jingle dos carros de som do PMDB. A ju\u00edza agiu dentro da lei, n\u00e3o h\u00e1 d\u00favida, mas o mais dif\u00edcil ser\u00e1 retirar o termo &#8220;come-feira&#8221; da boca do eleitorado, que j\u00e1 est\u00e1 acostumado a fazer as suas goza\u00e7\u00f5es, desde as elei\u00e7\u00f5es anteriores, e sempre utiliza o termo, quando se refere aos servidores &#8216;especialmente contratados&#8217; para formar a &#8216;animada&#8217; <em>claque<\/em> que acompanha e aplaude os pol\u00edticos da situa\u00e7\u00e3o, nos com\u00edcios e bate-papos.<\/p>\n<p>Dizem at\u00e9 que quem n\u00e3o comparece leva falta e pode \u00a0&#8216;dan\u00e7ar&#8217; do emprego.Vida dura a dos &#8220;come-feira&#8221;&#8230;<\/p>\n<p><strong><em>Por Davi Ferraz\u00a0<\/em><\/strong><\/p>\n","protected":false},"excerpt":{"rendered":"<p>Foto exclusiva de uma aut\u00eantica &#8220;come-feira&#8221; &nbsp; A pedido da coliga\u00e7\u00e3o do candidato petista Jos\u00e9 Carlos Moura, a Justi\u00e7a Eleitoral proibiu aos carros de som do PMDB a veicula\u00e7\u00e3o de um jingle de campanha que fazia alus\u00e3o aos famosos &#8220;come-feira&#8221;, denomina\u00e7\u00e3o usada pelos advers\u00e1rios do prefeito para caracterizar funcion\u00e1rios municipais contratados, supostamente sem nenhuma atribui\u00e7\u00e3o [&hellip;]<\/p>\n","protected":false},"author":2,"featured_media":0,"comment_status":"open","ping_status":"open","sticky":false,"template":"","format":"standard","meta":{"footnotes":"","_links_to":"","_links_to_target":""},"categories":[1],"tags":[],"class_list":["post-18794","post","type-post","status-publish","format-standard","hentry","category-geral"],"views":2188,"_links":{"self":[{"href":"https:\/\/www.sudoestehoje.com.br\/novoportal\/wp-json\/wp\/v2\/posts\/18794","targetHints":{"allow":["GET"]}}],"collection":[{"href":"https:\/\/www.sudoestehoje.com.br\/novoportal\/wp-json\/wp\/v2\/posts"}],"about":[{"href":"https:\/\/www.sudoestehoje.com.br\/novoportal\/wp-json\/wp\/v2\/types\/post"}],"author":[{"embeddable":true,"href":"https:\/\/www.sudoestehoje.com.br\/novoportal\/wp-json\/wp\/v2\/users\/2"}],"replies":[{"embeddable":true,"href":"https:\/\/www.sudoestehoje.com.br\/novoportal\/wp-json\/wp\/v2\/comments?post=18794"}],"version-history":[{"count":6,"href":"https:\/\/www.sudoestehoje.com.br\/novoportal\/wp-json\/wp\/v2\/posts\/18794\/revisions"}],"predecessor-version":[{"id":18809,"href":"https:\/\/www.sudoestehoje.com.br\/novoportal\/wp-json\/wp\/v2\/posts\/18794\/revisions\/18809"}],"wp:attachment":[{"href":"https:\/\/www.sudoestehoje.com.br\/novoportal\/wp-json\/wp\/v2\/media?parent=18794"}],"wp:term":[{"taxonomy":"category","embeddable":true,"href":"https:\/\/www.sudoestehoje.com.br\/novoportal\/wp-json\/wp\/v2\/categories?post=18794"},{"taxonomy":"post_tag","embeddable":true,"href":"https:\/\/www.sudoestehoje.com.br\/novoportal\/wp-json\/wp\/v2\/tags?post=18794"}],"curies":[{"name":"wp","href":"https:\/\/api.w.org\/{rel}","templated":true}]}}