
{"id":18716,"date":"2012-08-04T14:11:54","date_gmt":"2012-08-04T17:11:54","guid":{"rendered":"http:\/\/www.sudoestehoje.com.br\/novoportal\/?p=18716"},"modified":"2012-08-04T14:11:54","modified_gmt":"2012-08-04T17:11:54","slug":"caatiba-candidatura-de-omar-e-deferida-pela-justica-eleitoral","status":"publish","type":"post","link":"https:\/\/www.sudoestehoje.com.br\/novoportal\/2012\/08\/04\/caatiba-candidatura-de-omar-e-deferida-pela-justica-eleitoral\/","title":{"rendered":"CAATIBA: CANDIDATURA DE OMAR \u00c9 DEFERIDA PELA JUSTI\u00c7A ELEITORAL"},"content":{"rendered":"<p><img decoding=\"async\" class=\"aligncenter\" src=\"http:\/\/www.blogdoanderson.com\/wp-content\/uploads\/2012\/08\/omar2.jpg\" alt=\"\" \/><\/p>\n<p>&nbsp;<\/p>\n<p>CAATIBA: Depois de muito suspense, o prefeito Omar Sousa Barbosa, candidato \u00e0 reelei\u00e7\u00e3o pela coliga\u00e7\u00e3o &#8216;A Dignidade Continua&#8217;, composta pelo PMDB, PP, PDT, PT, PR e PC do B, recebeu o deferimento para a disputa eleitoral desse ano. A Ju\u00edza Eleitoral, da 139\u00aa Zona Eleitoral, L\u00e1zara Abadia de Oliveira Figueira, julgou improcedentes as impugna\u00e7\u00f5es apresentadas tanto pelo Minist\u00e9rio P\u00fablico, quanto pela coliga\u00e7\u00e3o\u00a0<em>\u201cPara Caatiba Voltar a Sorrir\u201d<\/em>\u00a0, por n\u00e3o reconhecer incid\u00eancia no impedimento disposto no par\u00e1grafo 5\u00ba, do artigo 14 da Constitui\u00e7\u00e3o Federal.<\/p>\n<p>O advogado da frente opositora, que tr\u00e1s o ex-vereador Joaquim Mendes de Sousa Junior, da chapa Coliga\u00e7\u00e3o para Caatiba voltar a sorrir, formada pelo PT do B, PRB, PTB, PSD e PTC, Altamir Junior, em contato com o Blog do Anderson na manh\u00e3 desse s\u00e1bado (4), prometeu levar o assunto adiante e j\u00e1 organiza o processo para julgamento no Tribunal Superior Eleitoral (TSE).<\/p>\n<p>Enquanto isso Omar e Junior Mendes permanecem numa acirrada disputa. Sem pesquisas oficiais, de um lado Omar diz ter a maioria do eleitorado e do outro Junior Mendes diz ser o preferido pela popula\u00e7\u00e3o e j\u00e1 arquiteta o seu corpo administrativo.<\/p>\n","protected":false},"excerpt":{"rendered":"<p>&nbsp; CAATIBA: Depois de muito suspense, o prefeito Omar Sousa Barbosa, candidato \u00e0 reelei\u00e7\u00e3o pela coliga\u00e7\u00e3o &#8216;A Dignidade Continua&#8217;, composta pelo PMDB, PP, PDT, PT, PR e PC do B, recebeu o deferimento para a disputa eleitoral desse ano. A Ju\u00edza Eleitoral, da 139\u00aa Zona Eleitoral, L\u00e1zara Abadia de Oliveira Figueira, julgou improcedentes as impugna\u00e7\u00f5es [&hellip;]<\/p>\n","protected":false},"author":2,"featured_media":0,"comment_status":"open","ping_status":"open","sticky":false,"template":"","format":"standard","meta":{"footnotes":"","_links_to":"","_links_to_target":""},"categories":[1],"tags":[],"class_list":["post-18716","post","type-post","status-publish","format-standard","hentry","category-geral"],"views":1339,"_links":{"self":[{"href":"https:\/\/www.sudoestehoje.com.br\/novoportal\/wp-json\/wp\/v2\/posts\/18716","targetHints":{"allow":["GET"]}}],"collection":[{"href":"https:\/\/www.sudoestehoje.com.br\/novoportal\/wp-json\/wp\/v2\/posts"}],"about":[{"href":"https:\/\/www.sudoestehoje.com.br\/novoportal\/wp-json\/wp\/v2\/types\/post"}],"author":[{"embeddable":true,"href":"https:\/\/www.sudoestehoje.com.br\/novoportal\/wp-json\/wp\/v2\/users\/2"}],"replies":[{"embeddable":true,"href":"https:\/\/www.sudoestehoje.com.br\/novoportal\/wp-json\/wp\/v2\/comments?post=18716"}],"version-history":[{"count":2,"href":"https:\/\/www.sudoestehoje.com.br\/novoportal\/wp-json\/wp\/v2\/posts\/18716\/revisions"}],"predecessor-version":[{"id":18721,"href":"https:\/\/www.sudoestehoje.com.br\/novoportal\/wp-json\/wp\/v2\/posts\/18716\/revisions\/18721"}],"wp:attachment":[{"href":"https:\/\/www.sudoestehoje.com.br\/novoportal\/wp-json\/wp\/v2\/media?parent=18716"}],"wp:term":[{"taxonomy":"category","embeddable":true,"href":"https:\/\/www.sudoestehoje.com.br\/novoportal\/wp-json\/wp\/v2\/categories?post=18716"},{"taxonomy":"post_tag","embeddable":true,"href":"https:\/\/www.sudoestehoje.com.br\/novoportal\/wp-json\/wp\/v2\/tags?post=18716"}],"curies":[{"name":"wp","href":"https:\/\/api.w.org\/{rel}","templated":true}]}}