
{"id":18692,"date":"2012-08-04T01:33:54","date_gmt":"2012-08-04T04:33:54","guid":{"rendered":"http:\/\/www.sudoestehoje.com.br\/novoportal\/?p=18692"},"modified":"2012-08-04T01:33:54","modified_gmt":"2012-08-04T04:33:54","slug":"justica-eleitoral-ministerio-publico-e-coligacoes-firmam-acordo-para-eleicoes","status":"publish","type":"post","link":"https:\/\/www.sudoestehoje.com.br\/novoportal\/2012\/08\/04\/justica-eleitoral-ministerio-publico-e-coligacoes-firmam-acordo-para-eleicoes\/","title":{"rendered":"JUSTI\u00c7A ELEITORAL, MINIST\u00c9RIO P\u00daBLICO E COLIGA\u00c7\u00d5ES FIRMAM ACORDO PARA ELEI\u00c7\u00d5ES"},"content":{"rendered":"<p><img decoding=\"async\" class=\"aligncenter\" src=\"http:\/\/eleicao2012.net\/wp-content\/uploads\/2011\/11\/eleicao-2012.jpg\" alt=\"\" \/><\/p>\n<p>&nbsp;<\/p>\n<p>ITAPETINGA: Na tarde desta sexta-feira, na sede do Minist\u00e9rio P\u00fablico em Itapetinga, foi realizada uma reuni\u00e3o entre a Ju\u00edza Eleitoral Dra. Julianne Nogueira Santanna Rios, a Promotora Eleitoral Dra. Carolina Bezerra Alves, Delegado da Pol\u00edcia e representantes das tr\u00eas coliga\u00e7\u00f5es majorit\u00e1rias que disputam as elei\u00e7\u00f5es municipais, para tratar das normas que ir\u00e3o disciplinar a propaganda eleitoral e demais atividades desenvolvidas pelos candidatos, durante o per\u00edodo da campanha.<\/p>\n<p>Para tanto, foi realizado um \u00a0Termo de Acordo Judicial (TAJ) entre as autoridades e as coliga\u00e7\u00f5es, estabelecendo as condutas e os limites a serem respeitados pelos candidatos, partidos e coliga\u00e7\u00f5es. Dentre as regras estabelecidas no documento, destacam-se a limita\u00e7\u00e3o do n\u00famero de carros de som por coliga\u00e7\u00e3o, limite dos decib\u00e9is nos aparelhos sonoros utilizados nos carros e motos de som, proibi\u00e7\u00e3o de fogos de artif\u00edcio, regula\u00e7\u00e3o dos dias para realiza\u00e7\u00e3o de com\u00edcios, carreatas e caminhadas, dentre outras exig\u00eancias que ter\u00e3o que ser respeitadas pelos candidatos e sua respectivas coliga\u00e7\u00f5es, sob pena de multa e outras san\u00e7\u00f5es.<\/p>\n<p>Na pr\u00f3xima segunda-feira (06\/08\/2012) outra reuni\u00e3o ampliada ser\u00e1 realizada no F\u00f3rum local, \u00e0s 17h, com a participa\u00e7\u00e3o de candidatos e da imprensa.<\/p>\n<p>CONFIRA O TAJ NA \u00cdNTEGRA:<!--more--><\/p>\n<p>&nbsp;<\/p>\n<p><a href=\"http:\/\/www.sudoestehoje.com.br\/novoportal\/wp-content\/uploads\/2012\/08\/doc-1.jpg\"><img loading=\"lazy\" decoding=\"async\" class=\"aligncenter size-full wp-image-18698\" title=\"doc 1\" src=\"http:\/\/www.sudoestehoje.com.br\/novoportal\/wp-content\/uploads\/2012\/08\/doc-1.jpg\" alt=\"\" width=\"451\" height=\"632\" \/><\/a><\/p>\n<p><a href=\"http:\/\/www.sudoestehoje.com.br\/novoportal\/wp-content\/uploads\/2012\/08\/doc2.jpg\"><img loading=\"lazy\" decoding=\"async\" class=\"aligncenter size-full wp-image-18699\" title=\"doc2\" src=\"http:\/\/www.sudoestehoje.com.br\/novoportal\/wp-content\/uploads\/2012\/08\/doc2.jpg\" alt=\"\" width=\"453\" height=\"631\" \/><\/a><\/p>\n<p><a href=\"http:\/\/www.sudoestehoje.com.br\/novoportal\/wp-content\/uploads\/2012\/08\/doc3.jpg\"><img loading=\"lazy\" decoding=\"async\" class=\"aligncenter size-full wp-image-18700\" title=\"doc3\" src=\"http:\/\/www.sudoestehoje.com.br\/novoportal\/wp-content\/uploads\/2012\/08\/doc3.jpg\" alt=\"\" width=\"453\" height=\"632\" \/><\/a><\/p>\n<p><a href=\"http:\/\/www.sudoestehoje.com.br\/novoportal\/wp-content\/uploads\/2012\/08\/doc4.jpg\"><img loading=\"lazy\" decoding=\"async\" class=\"aligncenter size-full wp-image-18701\" title=\"doc4\" src=\"http:\/\/www.sudoestehoje.com.br\/novoportal\/wp-content\/uploads\/2012\/08\/doc4.jpg\" alt=\"\" width=\"453\" height=\"632\" \/><\/a><\/p>\n<p><a href=\"http:\/\/www.sudoestehoje.com.br\/novoportal\/wp-content\/uploads\/2012\/08\/doc5.jpg\"><img loading=\"lazy\" decoding=\"async\" class=\"aligncenter size-full wp-image-18702\" title=\"doc5\" src=\"http:\/\/www.sudoestehoje.com.br\/novoportal\/wp-content\/uploads\/2012\/08\/doc5.jpg\" alt=\"\" width=\"453\" height=\"631\" \/><\/a><\/p>\n<p><a href=\"http:\/\/www.sudoestehoje.com.br\/novoportal\/wp-content\/uploads\/2012\/08\/doc6.jpg\"><img loading=\"lazy\" decoding=\"async\" class=\"aligncenter size-full wp-image-18703\" title=\"doc6\" src=\"http:\/\/www.sudoestehoje.com.br\/novoportal\/wp-content\/uploads\/2012\/08\/doc6.jpg\" alt=\"\" width=\"453\" height=\"631\" \/><\/a><\/p>\n","protected":false},"excerpt":{"rendered":"<p>&nbsp; ITAPETINGA: Na tarde desta sexta-feira, na sede do Minist\u00e9rio P\u00fablico em Itapetinga, foi realizada uma reuni\u00e3o entre a Ju\u00edza Eleitoral Dra. Julianne Nogueira Santanna Rios, a Promotora Eleitoral Dra. Carolina Bezerra Alves, Delegado da Pol\u00edcia e representantes das tr\u00eas coliga\u00e7\u00f5es majorit\u00e1rias que disputam as elei\u00e7\u00f5es municipais, para tratar das normas que ir\u00e3o disciplinar a [&hellip;]<\/p>\n","protected":false},"author":2,"featured_media":0,"comment_status":"open","ping_status":"open","sticky":false,"template":"","format":"standard","meta":{"footnotes":"","_links_to":"","_links_to_target":""},"categories":[1],"tags":[],"class_list":["post-18692","post","type-post","status-publish","format-standard","hentry","category-geral"],"views":1395,"_links":{"self":[{"href":"https:\/\/www.sudoestehoje.com.br\/novoportal\/wp-json\/wp\/v2\/posts\/18692","targetHints":{"allow":["GET"]}}],"collection":[{"href":"https:\/\/www.sudoestehoje.com.br\/novoportal\/wp-json\/wp\/v2\/posts"}],"about":[{"href":"https:\/\/www.sudoestehoje.com.br\/novoportal\/wp-json\/wp\/v2\/types\/post"}],"author":[{"embeddable":true,"href":"https:\/\/www.sudoestehoje.com.br\/novoportal\/wp-json\/wp\/v2\/users\/2"}],"replies":[{"embeddable":true,"href":"https:\/\/www.sudoestehoje.com.br\/novoportal\/wp-json\/wp\/v2\/comments?post=18692"}],"version-history":[{"count":7,"href":"https:\/\/www.sudoestehoje.com.br\/novoportal\/wp-json\/wp\/v2\/posts\/18692\/revisions"}],"predecessor-version":[{"id":18708,"href":"https:\/\/www.sudoestehoje.com.br\/novoportal\/wp-json\/wp\/v2\/posts\/18692\/revisions\/18708"}],"wp:attachment":[{"href":"https:\/\/www.sudoestehoje.com.br\/novoportal\/wp-json\/wp\/v2\/media?parent=18692"}],"wp:term":[{"taxonomy":"category","embeddable":true,"href":"https:\/\/www.sudoestehoje.com.br\/novoportal\/wp-json\/wp\/v2\/categories?post=18692"},{"taxonomy":"post_tag","embeddable":true,"href":"https:\/\/www.sudoestehoje.com.br\/novoportal\/wp-json\/wp\/v2\/tags?post=18692"}],"curies":[{"name":"wp","href":"https:\/\/api.w.org\/{rel}","templated":true}]}}