
{"id":18677,"date":"2012-08-03T19:20:26","date_gmt":"2012-08-03T22:20:26","guid":{"rendered":"http:\/\/www.sudoestehoje.com.br\/novoportal\/?p=18677"},"modified":"2012-08-03T19:20:26","modified_gmt":"2012-08-03T22:20:26","slug":"procurador-da-republica-acusa-ze-dirceu-de-liderar-o-mensalao","status":"publish","type":"post","link":"https:\/\/www.sudoestehoje.com.br\/novoportal\/2012\/08\/03\/procurador-da-republica-acusa-ze-dirceu-de-liderar-o-mensalao\/","title":{"rendered":"PROCURADOR DA REP\u00daBLICA ACUSA Z\u00c9 DIRCEU DE LIDERAR O MENSAL\u00c3O"},"content":{"rendered":"<p><img decoding=\"async\" class=\"aligncenter\" src=\"http:\/\/f.i.uol.com.br\/folha\/paineldoleitor\/images\/12215757.jpeg\" alt=\"\" width=\"400\" \/><\/p>\n<p style=\"text-align: center;\"><em>Roberto Gurgel, Procurador-Geral da Rep\u00fablica, durante julgamento do &#8216;Mensal\u00e3o&#8217;<\/em><\/p>\n<p>&nbsp;<\/p>\n<p>No segundo dia de julgamento da A\u00e7\u00e3o Penal 470, o mensal\u00e3o, o procurador-geral da Rep\u00fablica, Roberto Gurgel, fez a acusa\u00e7\u00e3o dos 38 r\u00e9us do processo. Ele concentrou a sua den\u00fancia na atua\u00e7\u00e3o do ex-ministro da Casa Civil Jos\u00e9 Dirceu. Gurgel citou trechos dos depoimentos de Roberto Jefferson e Marcos Val\u00e9rio em que foi afirmado que Dirceu tinha um papel de &#8220;lideran\u00e7a&#8221; no mensal\u00e3o e que tudo era feito com o conhecimento do petista. Foram mencionadas reuni\u00f5es, encontros e jantares de Dirceu e Marcos Val\u00e9rio com empresas e bancos para a obten\u00e7\u00e3o de recursos e empr\u00e9stimos.<\/p>\n","protected":false},"excerpt":{"rendered":"<p>Roberto Gurgel, Procurador-Geral da Rep\u00fablica, durante julgamento do &#8216;Mensal\u00e3o&#8217; &nbsp; No segundo dia de julgamento da A\u00e7\u00e3o Penal 470, o mensal\u00e3o, o procurador-geral da Rep\u00fablica, Roberto Gurgel, fez a acusa\u00e7\u00e3o dos 38 r\u00e9us do processo. Ele concentrou a sua den\u00fancia na atua\u00e7\u00e3o do ex-ministro da Casa Civil Jos\u00e9 Dirceu. Gurgel citou trechos dos depoimentos de [&hellip;]<\/p>\n","protected":false},"author":2,"featured_media":0,"comment_status":"open","ping_status":"open","sticky":false,"template":"","format":"standard","meta":{"footnotes":"","_links_to":"","_links_to_target":""},"categories":[1],"tags":[],"class_list":["post-18677","post","type-post","status-publish","format-standard","hentry","category-geral"],"views":1106,"_links":{"self":[{"href":"https:\/\/www.sudoestehoje.com.br\/novoportal\/wp-json\/wp\/v2\/posts\/18677","targetHints":{"allow":["GET"]}}],"collection":[{"href":"https:\/\/www.sudoestehoje.com.br\/novoportal\/wp-json\/wp\/v2\/posts"}],"about":[{"href":"https:\/\/www.sudoestehoje.com.br\/novoportal\/wp-json\/wp\/v2\/types\/post"}],"author":[{"embeddable":true,"href":"https:\/\/www.sudoestehoje.com.br\/novoportal\/wp-json\/wp\/v2\/users\/2"}],"replies":[{"embeddable":true,"href":"https:\/\/www.sudoestehoje.com.br\/novoportal\/wp-json\/wp\/v2\/comments?post=18677"}],"version-history":[{"count":2,"href":"https:\/\/www.sudoestehoje.com.br\/novoportal\/wp-json\/wp\/v2\/posts\/18677\/revisions"}],"predecessor-version":[{"id":18682,"href":"https:\/\/www.sudoestehoje.com.br\/novoportal\/wp-json\/wp\/v2\/posts\/18677\/revisions\/18682"}],"wp:attachment":[{"href":"https:\/\/www.sudoestehoje.com.br\/novoportal\/wp-json\/wp\/v2\/media?parent=18677"}],"wp:term":[{"taxonomy":"category","embeddable":true,"href":"https:\/\/www.sudoestehoje.com.br\/novoportal\/wp-json\/wp\/v2\/categories?post=18677"},{"taxonomy":"post_tag","embeddable":true,"href":"https:\/\/www.sudoestehoje.com.br\/novoportal\/wp-json\/wp\/v2\/tags?post=18677"}],"curies":[{"name":"wp","href":"https:\/\/api.w.org\/{rel}","templated":true}]}}