
{"id":18649,"date":"2012-08-03T13:53:47","date_gmt":"2012-08-03T16:53:47","guid":{"rendered":"http:\/\/www.sudoestehoje.com.br\/novoportal\/?p=18649"},"modified":"2012-08-03T13:53:47","modified_gmt":"2012-08-03T16:53:47","slug":"fim-da-greve-dos-professores","status":"publish","type":"post","link":"https:\/\/www.sudoestehoje.com.br\/novoportal\/2012\/08\/03\/fim-da-greve-dos-professores\/","title":{"rendered":"FIM DA GREVE DOS PROFESSORES"},"content":{"rendered":"<p style=\"text-align: center;\"><em><img decoding=\"async\" class=\"aligncenter\" src=\"http:\/\/www.bahianoticias.com.br\/fotos\/principal_noticias\/120341\/IMAGEM_NOTICIA_5.jpg\" alt=\"Aos 115 dias, acaba greve dos professores estaduais\" width=\"400\" \/><\/em><\/p>\n<p style=\"text-align: center;\"><em>Governo e professores chegam a um acordo depois de 115 dias de paralisa\u00e7\u00e3o<\/em><\/p>\n<p>&nbsp;<\/p>\n<p>Os professores da rede estadual de ensino decidiram acabar a greve da categoria, que durava 115 dias, em assembleia-geral realizada na manh\u00e3 sexta-feira (3), no Col\u00e9gio Central, em Salvador. De acordo com a diretora jur\u00eddica do Sindicato dos Trabalhadores em Educa\u00e7\u00e3o do Estado da Bahia\u00a0(APLB), Marilene Betros, os docentes recusaram a\u00a0<a href=\"http:\/\/www.bahianoticias.com.br\/principal\/noticia\/120260-greve-dos-professores-governo-apresenta-contraproposta-a-sindicato.html\" target=\"_blank\">contraproposta do Pal\u00e1cio de Ondina<\/a>, mas optaram em dar um ponto final \u00e0 paralisa\u00e7\u00e3o.<\/p>\n<p>\u201cSuspendemos a greve, mas a mobiliza\u00e7\u00e3o continuar\u00e1. N\u00f3s precisamos que o governo cumpra o compromisso de n\u00e3o punir os professores, de devolu\u00e7\u00e3o dos sal\u00e1rios e das contribui\u00e7\u00f5es da APLB\u201d, explicou, em entrevista ao Bahia Not\u00edcias. Segundo ela, as reuni\u00f5es com as zonais da entidade ser\u00e3o mantidas at\u00e9 o fim do m\u00eas para manter as negocia\u00e7\u00f5es com o governo do Estado. Emocionada, Marilene disse considerar que, apesar do corte de sal\u00e1rios, do desgaste e das dificuldades, o movimento grevista foi positivo. \u201cA avalia\u00e7\u00e3o que n\u00f3s fazemos \u00e9 a de que foi uma vit\u00f3ria.<\/p>\n<p>A categoria sai da greve mais fortalecida, mais aguerrida e mais unida, compreendendo que a luta \u00e9 que faz a vit\u00f3ria. Hoje eu tenho ainda mais orgulho de ser professor. Hoje eu tenho ainda mais orgulho de dirigir esta entidade\u201d, exaltou Marilene, com a voz embargada. Ao longo do per\u00edodo de greve, 57 educadores foram demitidos e a APLB relata que outros sete morreram, n\u00e3o exatamente em fun\u00e7\u00e3o do movimento. Na pr\u00f3xima segunda (13), 100% das 1.408 escolas estaduais retomar\u00e3o as aulas normalmente.<\/p>\n","protected":false},"excerpt":{"rendered":"<p>Governo e professores chegam a um acordo depois de 115 dias de paralisa\u00e7\u00e3o &nbsp; Os professores da rede estadual de ensino decidiram acabar a greve da categoria, que durava 115 dias, em assembleia-geral realizada na manh\u00e3 sexta-feira (3), no Col\u00e9gio Central, em Salvador. De acordo com a diretora jur\u00eddica do Sindicato dos Trabalhadores em Educa\u00e7\u00e3o [&hellip;]<\/p>\n","protected":false},"author":2,"featured_media":0,"comment_status":"open","ping_status":"open","sticky":false,"template":"","format":"standard","meta":{"footnotes":"","_links_to":"","_links_to_target":""},"categories":[1],"tags":[],"class_list":["post-18649","post","type-post","status-publish","format-standard","hentry","category-geral"],"views":1278,"_links":{"self":[{"href":"https:\/\/www.sudoestehoje.com.br\/novoportal\/wp-json\/wp\/v2\/posts\/18649","targetHints":{"allow":["GET"]}}],"collection":[{"href":"https:\/\/www.sudoestehoje.com.br\/novoportal\/wp-json\/wp\/v2\/posts"}],"about":[{"href":"https:\/\/www.sudoestehoje.com.br\/novoportal\/wp-json\/wp\/v2\/types\/post"}],"author":[{"embeddable":true,"href":"https:\/\/www.sudoestehoje.com.br\/novoportal\/wp-json\/wp\/v2\/users\/2"}],"replies":[{"embeddable":true,"href":"https:\/\/www.sudoestehoje.com.br\/novoportal\/wp-json\/wp\/v2\/comments?post=18649"}],"version-history":[{"count":2,"href":"https:\/\/www.sudoestehoje.com.br\/novoportal\/wp-json\/wp\/v2\/posts\/18649\/revisions"}],"predecessor-version":[{"id":18654,"href":"https:\/\/www.sudoestehoje.com.br\/novoportal\/wp-json\/wp\/v2\/posts\/18649\/revisions\/18654"}],"wp:attachment":[{"href":"https:\/\/www.sudoestehoje.com.br\/novoportal\/wp-json\/wp\/v2\/media?parent=18649"}],"wp:term":[{"taxonomy":"category","embeddable":true,"href":"https:\/\/www.sudoestehoje.com.br\/novoportal\/wp-json\/wp\/v2\/categories?post=18649"},{"taxonomy":"post_tag","embeddable":true,"href":"https:\/\/www.sudoestehoje.com.br\/novoportal\/wp-json\/wp\/v2\/tags?post=18649"}],"curies":[{"name":"wp","href":"https:\/\/api.w.org\/{rel}","templated":true}]}}