
{"id":18642,"date":"2012-08-03T08:52:08","date_gmt":"2012-08-03T11:52:08","guid":{"rendered":"http:\/\/www.sudoestehoje.com.br\/novoportal\/?p=18642"},"modified":"2012-08-03T08:52:08","modified_gmt":"2012-08-03T11:52:08","slug":"violencia-corre-solta-no-residencial-12-de-dezembro","status":"publish","type":"post","link":"https:\/\/www.sudoestehoje.com.br\/novoportal\/2012\/08\/03\/violencia-corre-solta-no-residencial-12-de-dezembro\/","title":{"rendered":"VIOL\u00caNCIA CORRE SOLTA NO RESIDENCIAL 12 DE DEZEMBRO"},"content":{"rendered":"<p><img decoding=\"async\" class=\"aligncenter\" src=\"http:\/\/blogdozeferreira.com.br\/blog\/wp-content\/uploads\/2012\/07\/clip_image001_thumb4.jpg\" alt=\"\" width=\"400\" \/><\/p>\n<p style=\"text-align: center;\"><em>Viol\u00eancia no &#8220;Brogod\u00f3&#8221; virou uma constante e moradores est\u00e3o aterrorizados<\/em><\/p>\n<p>&nbsp;<\/p>\n<p>ITAPETINGA: Recebemos a mensagem do leitor ass\u00edduo do nosso site, Sr. Fernando Nunes Gusm\u00e3o, relatando a inseguran\u00e7a no rec\u00e9m inaugurado Residencial 12 de Dezembro, conhecido popularmente como \u201cBrogod\u00f3\u201d. Vale lembrar que o apelido foi colocado pelos pr\u00f3prios moradores do 12 de Dezembro, em decorr\u00eancia dos constantes tiroteios que acontecem no bairro, como ocorria na novela global &#8220;Cordel Encantado&#8221;. Confira o coment\u00e1rio de Fernando Gusm\u00e3o:<\/p>\n<p><em>\u201cDevido ao grande clima de inseguran\u00e7a no bairro Residencial 12 de Dezembro, inclusive no dia de ontem, culminando na morte de um vendedor da Ambev, ocorr\u00eancias de tr\u00e1fico de drogas, e outras desordens, sugiro ao &#8230; prefeito Jos\u00e9 Carlos Moura, que construa um posto policial para uso da Pol\u00edcia Militar naquele bairro, conhecido tamb\u00e9m como &#8220;Brogod\u00f3&#8221;. Que o prefeito fa\u00e7a pelo menos isso, para dar tranquilidade \u00e0 minoria de pessoas de bem que residem naquele bairro. Fernando Nunes Gusm\u00e3o.\u201d<\/em><\/p>\n<p>O vendedor da Ambev, segundo informa\u00e7\u00f5es dos blogs policiais, foi atingido com com um tiro na nuca, mas sobreviveu. Um dos tr\u00eas menores que participaram do assalto a um mercadinho na entrada do 12 de dezembro e que deflagou o tiro contra o vendedor, acabou sendo morto pela PM.<\/p>\n<p>Segundo o blog Itapetinga Agora, uma escola da Clerol\u00e2ndia, onde o menor morto pela PM estudava,<em> &#8220;suspendeu as aulas em homenagem ao estudante criminoso&#8221;<\/em>, relata o blog.<\/p>\n<p><em>\u00a0<\/em><em><strong>Da Reda\u00e7\u00e3o<\/strong><\/em><\/p>\n<p style=\"text-align: left;\">\n<p>&nbsp;<\/p>\n","protected":false},"excerpt":{"rendered":"<p>Viol\u00eancia no &#8220;Brogod\u00f3&#8221; virou uma constante e moradores est\u00e3o aterrorizados &nbsp; ITAPETINGA: Recebemos a mensagem do leitor ass\u00edduo do nosso site, Sr. Fernando Nunes Gusm\u00e3o, relatando a inseguran\u00e7a no rec\u00e9m inaugurado Residencial 12 de Dezembro, conhecido popularmente como \u201cBrogod\u00f3\u201d. Vale lembrar que o apelido foi colocado pelos pr\u00f3prios moradores do 12 de Dezembro, em decorr\u00eancia [&hellip;]<\/p>\n","protected":false},"author":2,"featured_media":0,"comment_status":"open","ping_status":"open","sticky":false,"template":"","format":"standard","meta":{"footnotes":"","_links_to":"","_links_to_target":""},"categories":[1],"tags":[],"class_list":["post-18642","post","type-post","status-publish","format-standard","hentry","category-geral"],"views":1070,"_links":{"self":[{"href":"https:\/\/www.sudoestehoje.com.br\/novoportal\/wp-json\/wp\/v2\/posts\/18642","targetHints":{"allow":["GET"]}}],"collection":[{"href":"https:\/\/www.sudoestehoje.com.br\/novoportal\/wp-json\/wp\/v2\/posts"}],"about":[{"href":"https:\/\/www.sudoestehoje.com.br\/novoportal\/wp-json\/wp\/v2\/types\/post"}],"author":[{"embeddable":true,"href":"https:\/\/www.sudoestehoje.com.br\/novoportal\/wp-json\/wp\/v2\/users\/2"}],"replies":[{"embeddable":true,"href":"https:\/\/www.sudoestehoje.com.br\/novoportal\/wp-json\/wp\/v2\/comments?post=18642"}],"version-history":[{"count":3,"href":"https:\/\/www.sudoestehoje.com.br\/novoportal\/wp-json\/wp\/v2\/posts\/18642\/revisions"}],"predecessor-version":[{"id":18648,"href":"https:\/\/www.sudoestehoje.com.br\/novoportal\/wp-json\/wp\/v2\/posts\/18642\/revisions\/18648"}],"wp:attachment":[{"href":"https:\/\/www.sudoestehoje.com.br\/novoportal\/wp-json\/wp\/v2\/media?parent=18642"}],"wp:term":[{"taxonomy":"category","embeddable":true,"href":"https:\/\/www.sudoestehoje.com.br\/novoportal\/wp-json\/wp\/v2\/categories?post=18642"},{"taxonomy":"post_tag","embeddable":true,"href":"https:\/\/www.sudoestehoje.com.br\/novoportal\/wp-json\/wp\/v2\/tags?post=18642"}],"curies":[{"name":"wp","href":"https:\/\/api.w.org\/{rel}","templated":true}]}}