
{"id":18634,"date":"2012-08-02T20:47:38","date_gmt":"2012-08-02T23:47:38","guid":{"rendered":"http:\/\/www.sudoestehoje.com.br\/novoportal\/?p=18634"},"modified":"2012-08-02T22:46:45","modified_gmt":"2012-08-03T01:46:45","slug":"tse-aprova-candidaturas-de-dr-arnaldo-e-katia-enquanto-ze-carlos-e-seu-vice-aguardam-julgamento","status":"publish","type":"post","link":"https:\/\/www.sudoestehoje.com.br\/novoportal\/2012\/08\/02\/tse-aprova-candidaturas-de-dr-arnaldo-e-katia-enquanto-ze-carlos-e-seu-vice-aguardam-julgamento\/","title":{"rendered":"TSE APROVA CANDIDATURAS DE DR. ARNALDO E K\u00c1TIA, ENQUANTO Z\u00c9 CARLOS E SEU VICE AGUARDAM JULGAMENTO"},"content":{"rendered":"<p>&nbsp;<\/p>\n<p style=\"text-align: center;\"><img decoding=\"async\" class=\"aligncenter\" src=\"http:\/\/falaitapetinga.hospedagemdesites.ws\/wp-content\/uploads\/2012\/08\/Situacao_candidatos.jpg\" alt=\"\" width=\"400\" \/><\/p>\n<p>&nbsp;<\/p>\n<p>ITAPETINGA: Na tarde dessa quarta-feira (1\u00ba), o Tribunal Superior Eleitoral deferiu as candidaturas de dois dos tr\u00eas candidatos a prefeito de Itapetinga. De acordo com o TSE, o Dr. Arnaldo Texeira (PR) e K\u00e1tia Espinheira (PMDB) est\u00e3o aptos para a disputa eleitoral, entretanto, o prefeito Jos\u00e9 Carlos Moura (PT) aguarda julgamento de dois processos, um de impugna\u00e7\u00e3o e outro de inelegibilidade. Segundo advogados consultados, a senten\u00e7a referente ao pedido de impugna\u00e7\u00e3o deve sair nesta segunda-feira (6), com a decis\u00e3o de cassar ou n\u00e3o a candidatura \u00e0 reelei\u00e7\u00e3o do prefeito.<\/p>\n<p>A situa\u00e7\u00e3o dos candidatos a vice-prefeito n\u00e3o \u00e9 diferente. O registro do candidato a vice da chapa do Dr Arnaldo, \u00a0professor Geraldo Trindade (DEM), foi deferida, enquanto a de Gilson de Jesus (PCdoB), vice na chapa de K\u00e1tia Espinheira, est\u00e1 aguardando julgamento, mas n\u00e3o h\u00e1 noticias de qualquer impedimento. J\u00e1 o do candidato \u00e0 vice de Jos\u00e9 Carlos Moura, o professor Al\u00e9cio Chaves (PT), dever\u00e1 ter o mesmo destino que o cabe\u00e7a da chapa, com o seu pedido de impugna\u00e7\u00e3o podendo ser acatado pela Justi\u00e7a Eleitoral. Informa\u00e7\u00f5es do <em>Fala Itapetinga<\/em><\/p>\n","protected":false},"excerpt":{"rendered":"<p>&nbsp; &nbsp; ITAPETINGA: Na tarde dessa quarta-feira (1\u00ba), o Tribunal Superior Eleitoral deferiu as candidaturas de dois dos tr\u00eas candidatos a prefeito de Itapetinga. De acordo com o TSE, o Dr. Arnaldo Texeira (PR) e K\u00e1tia Espinheira (PMDB) est\u00e3o aptos para a disputa eleitoral, entretanto, o prefeito Jos\u00e9 Carlos Moura (PT) aguarda julgamento de dois [&hellip;]<\/p>\n","protected":false},"author":2,"featured_media":0,"comment_status":"open","ping_status":"open","sticky":false,"template":"","format":"standard","meta":{"footnotes":"","_links_to":"","_links_to_target":""},"categories":[1],"tags":[],"class_list":["post-18634","post","type-post","status-publish","format-standard","hentry","category-geral"],"views":1684,"_links":{"self":[{"href":"https:\/\/www.sudoestehoje.com.br\/novoportal\/wp-json\/wp\/v2\/posts\/18634","targetHints":{"allow":["GET"]}}],"collection":[{"href":"https:\/\/www.sudoestehoje.com.br\/novoportal\/wp-json\/wp\/v2\/posts"}],"about":[{"href":"https:\/\/www.sudoestehoje.com.br\/novoportal\/wp-json\/wp\/v2\/types\/post"}],"author":[{"embeddable":true,"href":"https:\/\/www.sudoestehoje.com.br\/novoportal\/wp-json\/wp\/v2\/users\/2"}],"replies":[{"embeddable":true,"href":"https:\/\/www.sudoestehoje.com.br\/novoportal\/wp-json\/wp\/v2\/comments?post=18634"}],"version-history":[{"count":4,"href":"https:\/\/www.sudoestehoje.com.br\/novoportal\/wp-json\/wp\/v2\/posts\/18634\/revisions"}],"predecessor-version":[{"id":18640,"href":"https:\/\/www.sudoestehoje.com.br\/novoportal\/wp-json\/wp\/v2\/posts\/18634\/revisions\/18640"}],"wp:attachment":[{"href":"https:\/\/www.sudoestehoje.com.br\/novoportal\/wp-json\/wp\/v2\/media?parent=18634"}],"wp:term":[{"taxonomy":"category","embeddable":true,"href":"https:\/\/www.sudoestehoje.com.br\/novoportal\/wp-json\/wp\/v2\/categories?post=18634"},{"taxonomy":"post_tag","embeddable":true,"href":"https:\/\/www.sudoestehoje.com.br\/novoportal\/wp-json\/wp\/v2\/tags?post=18634"}],"curies":[{"name":"wp","href":"https:\/\/api.w.org\/{rel}","templated":true}]}}