
{"id":18628,"date":"2012-08-02T19:50:21","date_gmt":"2012-08-02T22:50:21","guid":{"rendered":"http:\/\/www.sudoestehoje.com.br\/novoportal\/?p=18628"},"modified":"2012-08-02T19:50:21","modified_gmt":"2012-08-02T22:50:21","slug":"conheca-o-seu-vereador-3","status":"publish","type":"post","link":"https:\/\/www.sudoestehoje.com.br\/novoportal\/2012\/08\/02\/conheca-o-seu-vereador-3\/","title":{"rendered":"CONHE\u00c7A O SEU VEREADOR"},"content":{"rendered":"<p style=\"text-align: center;\"><strong><em>JILVAN FISCAL &#8211; PSB<\/em><\/strong><\/p>\n<p><img decoding=\"async\" class=\"aligncenter\" src=\"http:\/\/profile.ak.fbcdn.net\/hprofile-ak-ash2\/211655_100003966164182_1495380932_n.jpg\" alt=\"Jilvan Oleg\u00e1rio\" width=\"300\" \/><\/p>\n<p style=\"text-align: center;\"><em>Jilvan Fiscal \u00e9 candidato a vereador pelo PSB<\/em><\/p>\n<p>&nbsp;<\/p>\n<p><em><strong>Jilvan Oleg\u00e1rio<\/strong><\/em>, ainda adolescente, participou ativamente, da constru\u00e7\u00e3o do PT de Itapetinga, no in\u00edcio dos anos 80. Tinha filia\u00e7\u00e3o partid\u00e1ria desde 1983.\u00a0\u00c9 funcion\u00e1rio p\u00fablico de carreira da Secretaria da Fazenda, onde exerce o cargo de fiscal, h\u00e1 23 anos. \u00c9 Pedagogo, p\u00f3s-graduado em Direito Tribut\u00e1rio, com diversos cursos de extens\u00e3o nas \u00e1reas de Direito Administrativo, Contabilidade, Economia, Finan\u00e7as e Controle, Legisla\u00e7\u00e3o Fiscal e est\u00e1 P\u00f3s-Graduando em Gest\u00e3o P\u00fablica.<\/p>\n<p>Participou do pleito eleitoral de 2008 para vereador pelo PT. ficando como 2\u00ba suplente. Em 2009 foi escolhido por alguns companheiros como candidato a presidente pelo partido, vencendo legalmente as elei\u00e7\u00f5es por duas vezes consecutivas, sendo atropelado no processo pol\u00edtico interno por ter sido linha dura na defesa do estatuto partid\u00e1rio e do c\u00f3digo de \u00e9tica e disciplina que havia sido lan\u00e7ado pelo partido, justamente, para ajustar desvios de conduta de alguns filiados.\u00a0Afirmando n\u00e3o compartilhar com o mal feito, conduziu os companheiros, chamados de \u201co grupo do bem\u201d, para o PSB.<\/p>\n<p>No in\u00edcio da atual gest\u00e3o, recebeu a incumb\u00eancia do Secret\u00e1rio da Fazenda do Estado para conduzir a vinda e instala\u00e7\u00e3o do SAC na Inspetoria Fiscal de nossa cidade, n\u00e3o sendo ouvido nem recebido pelo atual gestor.<\/p>\n<p>Bem relacionado com alguns agentes que prestam servi\u00e7os sociais nos bairros da cidade, tem se sensibilizado com as quest\u00f5es sociais, principalmente na \u00e1rea de sa\u00fade. Tem resolvido e buscado resolver algumas pend\u00eancias m\u00e9dicas atrav\u00e9s de contatos com os deputados Z\u00e9 Raimundo e Waldenor Pereira, em Vit\u00f3ria da Conquista.<\/p>\n<p>Nome leve e de boa popularidade, exemplo de bom car\u00e1ter, exerce atualmente o cargo de Secret\u00e1rio Geral do PSB em Itapetinga. \u00c9 candidato a vereador, acreditando que tem muito a contribuir para a pol\u00edtica de nossa cidade com muita coragem, compet\u00eancia e tenacidade.<\/p>\n","protected":false},"excerpt":{"rendered":"<p>JILVAN FISCAL &#8211; PSB Jilvan Fiscal \u00e9 candidato a vereador pelo PSB &nbsp; Jilvan Oleg\u00e1rio, ainda adolescente, participou ativamente, da constru\u00e7\u00e3o do PT de Itapetinga, no in\u00edcio dos anos 80. Tinha filia\u00e7\u00e3o partid\u00e1ria desde 1983.\u00a0\u00c9 funcion\u00e1rio p\u00fablico de carreira da Secretaria da Fazenda, onde exerce o cargo de fiscal, h\u00e1 23 anos. \u00c9 Pedagogo, p\u00f3s-graduado [&hellip;]<\/p>\n","protected":false},"author":2,"featured_media":0,"comment_status":"open","ping_status":"open","sticky":false,"template":"","format":"standard","meta":{"footnotes":"","_links_to":"","_links_to_target":""},"categories":[1],"tags":[],"class_list":["post-18628","post","type-post","status-publish","format-standard","hentry","category-geral"],"views":1174,"_links":{"self":[{"href":"https:\/\/www.sudoestehoje.com.br\/novoportal\/wp-json\/wp\/v2\/posts\/18628","targetHints":{"allow":["GET"]}}],"collection":[{"href":"https:\/\/www.sudoestehoje.com.br\/novoportal\/wp-json\/wp\/v2\/posts"}],"about":[{"href":"https:\/\/www.sudoestehoje.com.br\/novoportal\/wp-json\/wp\/v2\/types\/post"}],"author":[{"embeddable":true,"href":"https:\/\/www.sudoestehoje.com.br\/novoportal\/wp-json\/wp\/v2\/users\/2"}],"replies":[{"embeddable":true,"href":"https:\/\/www.sudoestehoje.com.br\/novoportal\/wp-json\/wp\/v2\/comments?post=18628"}],"version-history":[{"count":2,"href":"https:\/\/www.sudoestehoje.com.br\/novoportal\/wp-json\/wp\/v2\/posts\/18628\/revisions"}],"predecessor-version":[{"id":18633,"href":"https:\/\/www.sudoestehoje.com.br\/novoportal\/wp-json\/wp\/v2\/posts\/18628\/revisions\/18633"}],"wp:attachment":[{"href":"https:\/\/www.sudoestehoje.com.br\/novoportal\/wp-json\/wp\/v2\/media?parent=18628"}],"wp:term":[{"taxonomy":"category","embeddable":true,"href":"https:\/\/www.sudoestehoje.com.br\/novoportal\/wp-json\/wp\/v2\/categories?post=18628"},{"taxonomy":"post_tag","embeddable":true,"href":"https:\/\/www.sudoestehoje.com.br\/novoportal\/wp-json\/wp\/v2\/tags?post=18628"}],"curies":[{"name":"wp","href":"https:\/\/api.w.org\/{rel}","templated":true}]}}