
{"id":18553,"date":"2012-07-31T20:17:00","date_gmt":"2012-07-31T23:17:00","guid":{"rendered":"http:\/\/www.sudoestehoje.com.br\/novoportal\/?p=18553"},"modified":"2012-07-31T20:26:08","modified_gmt":"2012-07-31T23:26:08","slug":"presidente-da-azaleia-e-demitido","status":"publish","type":"post","link":"https:\/\/www.sudoestehoje.com.br\/novoportal\/2012\/07\/31\/presidente-da-azaleia-e-demitido\/","title":{"rendered":"PRESIDENTE DA AZALEIA \u00c9 DEMITIDO"},"content":{"rendered":"<p><img decoding=\"async\" class=\"aligncenter\" src=\"http:\/\/www.brasileconomico.ig.com.br\/public\/uploads\/articles\/foto_pagina\/pres_Milton_Cardoso_empresa_vulcabras_azaleia_olympikus_be_02.jpg\" alt=\"\" width=\"400\" \/><\/p>\n<p style=\"text-align: center;\"><em>Pedro Grendene demitiu o executivo Milton Cardoso e assumiu a presid\u00eancia do grupo<\/em><\/p>\n<p>&nbsp;<\/p>\n<p>Milton Cardoso dos Santos Filho, o poderoso presidente da Vulcabr\u00e1s, que engloba tamb\u00e9m a Azal\u00e9ia, ambos do grupo Grendene, foi demitido nesta segunda-feira pelos controladores, assumindo em seu lugar o pr\u00f3prio presidente do Conselho de Administra\u00e7\u00e3o, Pedro Grendene. A Grendene fala em &#8220;ren\u00fancia&#8221;.<\/p>\n<p>A empresa falou em ren\u00fancia, mas sabe-se que ele foi demitido. As raz\u00f5es n\u00e3o foram divulgadas, mas aparentemente o caso tem a ver com a gest\u00e3o das companhias, j\u00e1 que no mesmo ato foi contratado a Galeazzi * Associados, com destaque para Claudio Galeazzi, que trabalhar\u00e3o exatamente na \u00e1rea.\u00a0Milton Cardoso \u00e9 tamb\u00e9m presidente da Abical\u00e7ados. Caso ele n\u00e3o v\u00e1 para outra empresa da \u00e1rea, ter\u00e1 que renunciar ao posto.<\/p>\n<p>A Vulcabras\/Azaleia informou h\u00e1 poucos meses que firmou um memorando de inten\u00e7\u00f5es para negociar com o P\u00e1tria Investimentos uma capitaliza\u00e7\u00e3o da companhia. O aporte seria um al\u00edvio para o caixa da empresa, que vive uma crise gerada por uma d\u00edvida de cerca de R$ 1 bilh\u00e3o. Uma das maiores empregadoras do pa\u00eds, a Vulcabras\/Azaleia registra preju\u00edzos e j\u00e1 foi obrigada a fechar f\u00e1bricas e fazer demiss\u00f5es.<\/p>\n<p><strong><em>Da Reda\u00e7\u00e3o<\/em><\/strong><\/p>\n<p>&nbsp;<\/p>\n","protected":false},"excerpt":{"rendered":"<p>Pedro Grendene demitiu o executivo Milton Cardoso e assumiu a presid\u00eancia do grupo &nbsp; Milton Cardoso dos Santos Filho, o poderoso presidente da Vulcabr\u00e1s, que engloba tamb\u00e9m a Azal\u00e9ia, ambos do grupo Grendene, foi demitido nesta segunda-feira pelos controladores, assumindo em seu lugar o pr\u00f3prio presidente do Conselho de Administra\u00e7\u00e3o, Pedro Grendene. A Grendene fala [&hellip;]<\/p>\n","protected":false},"author":2,"featured_media":0,"comment_status":"open","ping_status":"open","sticky":false,"template":"","format":"standard","meta":{"footnotes":"","_links_to":"","_links_to_target":""},"categories":[1],"tags":[],"class_list":["post-18553","post","type-post","status-publish","format-standard","hentry","category-geral"],"views":1695,"_links":{"self":[{"href":"https:\/\/www.sudoestehoje.com.br\/novoportal\/wp-json\/wp\/v2\/posts\/18553","targetHints":{"allow":["GET"]}}],"collection":[{"href":"https:\/\/www.sudoestehoje.com.br\/novoportal\/wp-json\/wp\/v2\/posts"}],"about":[{"href":"https:\/\/www.sudoestehoje.com.br\/novoportal\/wp-json\/wp\/v2\/types\/post"}],"author":[{"embeddable":true,"href":"https:\/\/www.sudoestehoje.com.br\/novoportal\/wp-json\/wp\/v2\/users\/2"}],"replies":[{"embeddable":true,"href":"https:\/\/www.sudoestehoje.com.br\/novoportal\/wp-json\/wp\/v2\/comments?post=18553"}],"version-history":[{"count":5,"href":"https:\/\/www.sudoestehoje.com.br\/novoportal\/wp-json\/wp\/v2\/posts\/18553\/revisions"}],"predecessor-version":[{"id":18561,"href":"https:\/\/www.sudoestehoje.com.br\/novoportal\/wp-json\/wp\/v2\/posts\/18553\/revisions\/18561"}],"wp:attachment":[{"href":"https:\/\/www.sudoestehoje.com.br\/novoportal\/wp-json\/wp\/v2\/media?parent=18553"}],"wp:term":[{"taxonomy":"category","embeddable":true,"href":"https:\/\/www.sudoestehoje.com.br\/novoportal\/wp-json\/wp\/v2\/categories?post=18553"},{"taxonomy":"post_tag","embeddable":true,"href":"https:\/\/www.sudoestehoje.com.br\/novoportal\/wp-json\/wp\/v2\/tags?post=18553"}],"curies":[{"name":"wp","href":"https:\/\/api.w.org\/{rel}","templated":true}]}}